{"id":96730,"date":"2026-08-13T07:49:21","date_gmt":"2026-08-13T07:49:21","guid":{"rendered":"https:\/\/zennihost.com\/test\/2026\/08\/13\/parashikimi-i-motit-13-gusht-priten-kthjellime-dhe-reshje-te-izoluara-ne-veri-dhe-lindje-do-te-kete-edhe-shtrengata-shiu\/"},"modified":"2026-08-13T07:49:21","modified_gmt":"2026-08-13T07:49:21","slug":"parashikimi-i-motit-13-gusht-priten-kthjellime-dhe-reshje-te-izoluara-ne-veri-dhe-lindje-do-te-kete-edhe-shtrengata-shiu","status":"publish","type":"post","link":"https:\/\/zennihost.com\/test\/2026\/08\/13\/parashikimi-i-motit-13-gusht-priten-kthjellime-dhe-reshje-te-izoluara-ne-veri-dhe-lindje-do-te-kete-edhe-shtrengata-shiu\/","title":{"rendered":"Parashikimi i motit, 13 gusht\/ Priten kthjellime dhe reshje t\u00eb izoluara. N\u00eb veri dhe lindje do t\u00eb ket\u00eb edhe shtr\u00ebngata shiu"},"content":{"rendered":"<p>T\u00eb enjten vendi yn\u00eb do t\u00eb karakterizohet nga kushte atmosferike kryesisht t\u00eb q\u00ebndrueshme. Moti do t\u00eb jet\u00eb i kthjell\u00ebt, me alternime vran\u00ebsirash, m\u00eb t\u00eb theksuara n\u00eb zonat lindore dhe jugore.<\/p>\n<p>Reshje shiu t\u00eb dob\u00ebta dhe lokale priten n\u00eb nj\u00eb pjes\u00eb t\u00eb madhe t\u00eb territorit, nd\u00ebrsa n\u00eb veri dhe lindje do t\u00eb ket\u00eb shtr\u00ebngata t\u00eb shkurtra e t\u00eb izoluara, kryesisht n\u00eb zonat kodrinore dhe malore.<\/p>\n<p>Era do t\u00eb fryj\u00eb nga veriper\u00ebndimi n\u00eb verilindje, me shpejt\u00ebsi mesatare rreth 6 m\/s. N\u00eb bregdet dhe n\u00eb zonat luginore, shpejt\u00ebsia e er\u00ebs mund t\u00eb arrij\u00eb deri n\u00eb 14 m\/s.<\/p>\n<p>N\u00eb det pritet val\u00ebzim i forc\u00ebs 1\u20133 ball\u00eb.<\/p>","protected":false},"excerpt":{"rendered":"<p>T\u00eb enjten vendi yn\u00eb do t\u00eb karakterizohet nga kushte atmosferike kryesisht t\u00eb q\u00ebndrueshme. Moti do t\u00eb jet\u00eb i kthjell\u00ebt, me alternime vran\u00ebsirash, m\u00eb t\u00eb theksuara n\u00eb zonat lindore dhe jugore. Reshje shiu t\u00eb dob\u00ebta dhe lokale priten n\u00eb nj\u00eb pjes\u00eb t\u00eb madhe t\u00eb territorit, nd\u00ebrsa n\u00eb veri dhe lindje do t\u00eb ket\u00eb shtr\u00ebngata t\u00eb shkurtra [&hellip;]<\/p>\n","protected":false},"author":0,"featured_media":0,"comment_status":"open","ping_status":"open","sticky":false,"template":"","format":"standard","meta":{"footnotes":""},"categories":[1],"tags":[],"class_list":["post-96730","post","type-post","status-publish","format-standard","hentry","category-uncategorized"],"_links":{"self":[{"href":"https:\/\/zennihost.com\/test\/wp-json\/wp\/v2\/posts\/96730","targetHints":{"allow":["GET"]}}],"collection":[{"href":"https:\/\/zennihost.com\/test\/wp-json\/wp\/v2\/posts"}],"about":[{"href":"https:\/\/zennihost.com\/test\/wp-json\/wp\/v2\/types\/post"}],"replies":[{"embeddable":true,"href":"https:\/\/zennihost.com\/test\/wp-json\/wp\/v2\/comments?post=96730"}],"version-history":[{"count":0,"href":"https:\/\/zennihost.com\/test\/wp-json\/wp\/v2\/posts\/96730\/revisions"}],"wp:attachment":[{"href":"https:\/\/zennihost.com\/test\/wp-json\/wp\/v2\/media?parent=96730"}],"wp:term":[{"taxonomy":"category","embeddable":true,"href":"https:\/\/zennihost.com\/test\/wp-json\/wp\/v2\/categories?post=96730"},{"taxonomy":"post_tag","embeddable":true,"href":"https:\/\/zennihost.com\/test\/wp-json\/wp\/v2\/tags?post=96730"}],"curies":[{"name":"wp","href":"https:\/\/api.w.org\/{rel}","templated":true}]}}