{"id":96728,"date":"2026-08-13T07:49:20","date_gmt":"2026-08-13T07:49:20","guid":{"rendered":"https:\/\/zennihost.com\/test\/2026\/08\/13\/zjarret-ne-daias-nen-kontroll-zjarrfikesit-dhe-helikopteri-vijojne-nderhyrjen\/"},"modified":"2026-08-13T07:49:20","modified_gmt":"2026-08-13T07:49:20","slug":"zjarret-ne-daias-nen-kontroll-zjarrfikesit-dhe-helikopteri-vijojne-nderhyrjen","status":"publish","type":"post","link":"https:\/\/zennihost.com\/test\/2026\/08\/13\/zjarret-ne-daias-nen-kontroll-zjarrfikesit-dhe-helikopteri-vijojne-nderhyrjen\/","title":{"rendered":"Zjarret n\u00eb Daias n\u00ebn kontroll, zjarrfik\u00ebsit dhe helikopteri vijojn\u00eb nd\u00ebrhyrjen"},"content":{"rendered":"<p>Situata paraqitet m\u00eb e qet\u00eb k\u00ebt\u00eb m\u00ebngjes n\u00eb fshatin Daias, mes Lundr\u00ebs dhe Prisk\u00ebs, pas aktivizimit t\u00eb tre vatrave zjarri mbr\u00ebmjen e s\u00eb m\u00ebrkur\u00ebs.<\/p>\n<p>Forcat zjarrfik\u00ebse kan\u00eb vijuar nd\u00ebrhyrjen gjat\u00eb nat\u00ebs dhe m\u00ebngjesit, duke u p\u00ebrqendruar kryesisht pran\u00eb zonave t\u00eb banuara, me q\u00ebllim parandalimin e p\u00ebrhapjes s\u00eb flak\u00ebve.<\/p>\n<p>N\u00eb operacion \u00ebsht\u00eb angazhuar edhe nj\u00eb helikopter, i cili po nd\u00ebrhyn n\u00eb terrenet m\u00eb t\u00eb v\u00ebshtira dhe t\u00eb paarritshme p\u00ebr ekipet nga toka.<\/p>\n<p>P\u00ebr momentin, situata duket e p\u00ebrmir\u00ebsuar, nd\u00ebrsa ekipet vijojn\u00eb pun\u00ebn p\u00ebr shuarjen p\u00ebrfundimtare t\u00eb vatrave dhe mbajtjen n\u00ebn kontroll t\u00eb zon\u00ebs.<\/p>","protected":false},"excerpt":{"rendered":"<p>Situata paraqitet m\u00eb e qet\u00eb k\u00ebt\u00eb m\u00ebngjes n\u00eb fshatin Daias, mes Lundr\u00ebs dhe Prisk\u00ebs, pas aktivizimit t\u00eb tre vatrave zjarri mbr\u00ebmjen e s\u00eb m\u00ebrkur\u00ebs. Forcat zjarrfik\u00ebse kan\u00eb vijuar nd\u00ebrhyrjen gjat\u00eb nat\u00ebs dhe m\u00ebngjesit, duke u p\u00ebrqendruar kryesisht pran\u00eb zonave t\u00eb banuara, me q\u00ebllim parandalimin e p\u00ebrhapjes s\u00eb flak\u00ebve. N\u00eb operacion \u00ebsht\u00eb angazhuar edhe nj\u00eb helikopter, [&hellip;]<\/p>\n","protected":false},"author":0,"featured_media":0,"comment_status":"open","ping_status":"open","sticky":false,"template":"","format":"standard","meta":{"footnotes":""},"categories":[1],"tags":[],"class_list":["post-96728","post","type-post","status-publish","format-standard","hentry","category-uncategorized"],"_links":{"self":[{"href":"https:\/\/zennihost.com\/test\/wp-json\/wp\/v2\/posts\/96728","targetHints":{"allow":["GET"]}}],"collection":[{"href":"https:\/\/zennihost.com\/test\/wp-json\/wp\/v2\/posts"}],"about":[{"href":"https:\/\/zennihost.com\/test\/wp-json\/wp\/v2\/types\/post"}],"replies":[{"embeddable":true,"href":"https:\/\/zennihost.com\/test\/wp-json\/wp\/v2\/comments?post=96728"}],"version-history":[{"count":0,"href":"https:\/\/zennihost.com\/test\/wp-json\/wp\/v2\/posts\/96728\/revisions"}],"wp:attachment":[{"href":"https:\/\/zennihost.com\/test\/wp-json\/wp\/v2\/media?parent=96728"}],"wp:term":[{"taxonomy":"category","embeddable":true,"href":"https:\/\/zennihost.com\/test\/wp-json\/wp\/v2\/categories?post=96728"},{"taxonomy":"post_tag","embeddable":true,"href":"https:\/\/zennihost.com\/test\/wp-json\/wp\/v2\/tags?post=96728"}],"curies":[{"name":"wp","href":"https:\/\/api.w.org\/{rel}","templated":true}]}}