{"id":96723,"date":"2026-08-13T07:49:17","date_gmt":"2026-08-13T07:49:17","guid":{"rendered":"https:\/\/zennihost.com\/test\/2026\/08\/13\/mbrojtja-civile-418-ha-siperfaqe-e-djegur-ne-24-ore-nga-45-vatra-zjarri-12-ende-aktive\/"},"modified":"2026-08-13T07:49:17","modified_gmt":"2026-08-13T07:49:17","slug":"mbrojtja-civile-418-ha-siperfaqe-e-djegur-ne-24-ore-nga-45-vatra-zjarri-12-ende-aktive","status":"publish","type":"post","link":"https:\/\/zennihost.com\/test\/2026\/08\/13\/mbrojtja-civile-418-ha-siperfaqe-e-djegur-ne-24-ore-nga-45-vatra-zjarri-12-ende-aktive\/","title":{"rendered":"Mbrojtja Civile: 418 ha sip\u00ebrfaqe e djegur n\u00eb 24 or\u00eb, nga 45 vatra zjarri, 12 ende aktive"},"content":{"rendered":"<p>45 vatra raportohen n\u00eb 24 or\u00ebt e fundit n\u00eb vend, prej t\u00eb cilave 12 aktive dhe 1 n\u00eb monitorim. Sipas njoftimit t\u00eb Ministris\u00eb s\u00eb Mbrojtjes, jan\u00eb p\u00ebrfshir\u00eb 72 automjete, 1100 forca n\u00eb terren, 5 helikopter\u00eb e 2 avion\u00eb.<\/p>\n<p>Vatrat jan\u00eb n\u00eb Dajt, Prisk\u00eb t\u00eb Madhe, Patos\u2013Mallakast\u00ebr, Kruje, P\u00ebrmet, Gur\u00eb-Lur\u00eb, Devoll, Mirdit\u00eb dhe Vau i Dej\u00ebs. 418 hektar\u00eb sip\u00ebrfaqe jan\u00eb djegur dhe 250 rr\u00ebnj\u00eb ulliri jan\u00eb d\u00ebmtuar.<\/p>\n<p><strong>Njoftimi:<\/strong><\/p>\n<p><em>Gjat\u00eb 24 or\u00ebve t\u00eb fundit jan\u00eb raportuar 45 vatra zjarri, nga t\u00eb cilat 12 vijojn\u00eb aktive dhe 1 \u00ebsht\u00eb n\u00eb monitorim.<\/em><\/p>\n<p><em>N\u00eb operacione jan\u00eb angazhuar 72 automjete zjarrfik\u00ebse dhe 839 forca operacionale, nd\u00ebrsa n\u00eb mb\u00ebshtetje jan\u00eb p\u00ebrfshir\u00eb 250 efektiv\u00eb t\u00eb Forcave t\u00eb Armatosura, 5 helikopter\u00eb dhe 2 avion\u00eb \u201cAir Tractor\u201d. Aktualisht n\u00eb terren vijojn\u00eb operimet 167 efektiv\u00eb t\u00eb FA-s\u00eb, 3 helikopter\u00eb dhe 2 avion\u00eb \u201cAir Tractor\u201d.<\/em><\/p>\n<p><em>Operacionet vijojn\u00eb n\u00eb Dajt, Prisk\u00eb t\u00eb Madhe, Patos\u2013Mallakast\u00ebr, Kruj\u00eb, P\u00ebrmet, Gur\u00eb-Lur\u00eb, Devoll, Mirdit\u00eb dhe Vau t\u00eb Dej\u00ebs, me nd\u00ebrhyrje t\u00eb koordinuara nga toka dhe ajri.<\/em><\/p>\n<p><em>N\u00eb t\u00eb gjitha zonat, prioritet mbetet mbrojtja e jet\u00ebs s\u00eb qytetar\u00ebve, banesave dhe zonave t\u00eb banuara, si dhe izolimi e shuarja sa m\u00eb e shpejt\u00eb e vatrave aktive.<\/em><\/p>\n<p><em>Nga raportimet e deritanishme rezultojn\u00eb rreth 418 hektar\u00eb sip\u00ebrfaqe t\u00eb djegur dhe 250 rr\u00ebnj\u00eb ullinj t\u00eb d\u00ebmtuara.<\/em><\/p>\n<p><em>AKMC dhe t\u00eb gjitha strukturat e Mbrojtjes Civile vijojn\u00eb monitorimin dhe koordinimin e operacioneve n\u00eb terren.<\/em><\/p>\n<p><strong>gijotina.com\/<\/strong><\/p>\n<p>The post <a href=\"https:\/\/gijotina.com\/zjarret-14\/\">Mbrojtja Civile: 418 ha sip\u00ebrfaqe e djegur n\u00eb 24 or\u00eb, nga 45 vatra zjarri, 12 ende aktive<\/a> appeared first on <a href=\"https:\/\/gijotina.com\/\">GIJOTINA<\/a>.<\/p>","protected":false},"excerpt":{"rendered":"<p>45 vatra raportohen n\u00eb 24 or\u00ebt e fundit n\u00eb vend, prej t\u00eb cilave 12 aktive dhe 1 n\u00eb monitorim. Sipas njoftimit t\u00eb Ministris\u00eb s\u00eb Mbrojtjes, jan\u00eb p\u00ebrfshir\u00eb 72 automjete, 1100 forca n\u00eb terren, 5 helikopter\u00eb e 2 avion\u00eb. Vatrat jan\u00eb n\u00eb Dajt, Prisk\u00eb t\u00eb Madhe, Patos\u2013Mallakast\u00ebr, Kruje, P\u00ebrmet, Gur\u00eb-Lur\u00eb, Devoll, Mirdit\u00eb dhe Vau i Dej\u00ebs. [&hellip;]<\/p>\n","protected":false},"author":0,"featured_media":0,"comment_status":"open","ping_status":"open","sticky":false,"template":"","format":"standard","meta":{"footnotes":""},"categories":[1],"tags":[],"class_list":["post-96723","post","type-post","status-publish","format-standard","hentry","category-uncategorized"],"_links":{"self":[{"href":"https:\/\/zennihost.com\/test\/wp-json\/wp\/v2\/posts\/96723","targetHints":{"allow":["GET"]}}],"collection":[{"href":"https:\/\/zennihost.com\/test\/wp-json\/wp\/v2\/posts"}],"about":[{"href":"https:\/\/zennihost.com\/test\/wp-json\/wp\/v2\/types\/post"}],"replies":[{"embeddable":true,"href":"https:\/\/zennihost.com\/test\/wp-json\/wp\/v2\/comments?post=96723"}],"version-history":[{"count":0,"href":"https:\/\/zennihost.com\/test\/wp-json\/wp\/v2\/posts\/96723\/revisions"}],"wp:attachment":[{"href":"https:\/\/zennihost.com\/test\/wp-json\/wp\/v2\/media?parent=96723"}],"wp:term":[{"taxonomy":"category","embeddable":true,"href":"https:\/\/zennihost.com\/test\/wp-json\/wp\/v2\/categories?post=96723"},{"taxonomy":"post_tag","embeddable":true,"href":"https:\/\/zennihost.com\/test\/wp-json\/wp\/v2\/tags?post=96723"}],"curies":[{"name":"wp","href":"https:\/\/api.w.org\/{rel}","templated":true}]}}