{"id":96721,"date":"2026-08-12T20:49:31","date_gmt":"2026-08-12T20:49:31","guid":{"rendered":"https:\/\/zennihost.com\/test\/2026\/08\/12\/situate-kritike-ne-rrethinat-e-tiranes-flaket-i-afrohen-bazes-se-helikoptereve-ne-farke-dhe-banesave\/"},"modified":"2026-08-12T20:49:31","modified_gmt":"2026-08-12T20:49:31","slug":"situate-kritike-ne-rrethinat-e-tiranes-flaket-i-afrohen-bazes-se-helikoptereve-ne-farke-dhe-banesave","status":"publish","type":"post","link":"https:\/\/zennihost.com\/test\/2026\/08\/12\/situate-kritike-ne-rrethinat-e-tiranes-flaket-i-afrohen-bazes-se-helikoptereve-ne-farke-dhe-banesave\/","title":{"rendered":"Situat\u00eb kritike n\u00eb rrethinat e Tiran\u00ebs, flak\u00ebt i afrohen baz\u00ebs s\u00eb helikopter\u00ebve n\u00eb Fark\u00eb dhe banesave"},"content":{"rendered":"<p>Situat\u00eb alarmante \u00ebsht\u00eb n\u00eb zon\u00ebn e Gurr\u00ebs, mes fshatit Daias dhe Prisk\u00ebs s\u00eb Madhe, n\u00eb rrethinat e Tiran\u00ebs, ku nj\u00eb kod\u00ebr \u00ebsht\u00eb p\u00ebrfshir\u00eb nga flak\u00ebt e m\u00ebdha.<\/p>\n<p>Zjarri po p\u00ebrhapet n\u00eb nj\u00eb sip\u00ebrfaqe t\u00eb konsiderueshme, nd\u00ebrsa posht\u00eb kodr\u00ebs ndodhen banesa dhe biznese, duke rritur rrezikun.<\/p>\n<p>Flak\u00ebt jan\u00eb afruar pran\u00eb Lundr\u00ebs n\u00eb Tiran\u00eb dhe po u afrohet banesave dhe baz\u00ebs s\u00eb helikopter\u00ebve n\u00eb Fark\u00eb, pasi kan\u00eb dal\u00eb jasht\u00eb kontrollit.<\/p>\n<p>Terreni i v\u00ebshtir\u00eb po pengon nd\u00ebrhyrjen e mjeteve zjarrfik\u00ebse nga toka.<\/p>\n<p>P\u00ebr shkak t\u00eb relievit, automjetet e emergjenc\u00ebs e kan\u00eb t\u00eb pamundur t\u00eb afrohen n\u00eb zon\u00ebn ku vijon t\u00eb p\u00ebrhapet zjarri.<\/p>\n<p>Flak\u00ebt e favorizuara nga era u p\u00ebrhap\u00ebn me shpejt\u00ebsi, nd\u00ebrsa tymi mbuloi gjith\u00eb zon\u00ebn.<\/p>\n<p>\u00a0<\/p>\n<p>The post <a href=\"https:\/\/gijotina.com\/zjarri-38\/\">Situat\u00eb kritike n\u00eb rrethinat e Tiran\u00ebs, flak\u00ebt i afrohen baz\u00ebs s\u00eb helikopter\u00ebve n\u00eb Fark\u00eb dhe banesave<\/a> appeared first on <a href=\"https:\/\/gijotina.com\/\">GIJOTINA<\/a>.<\/p>","protected":false},"excerpt":{"rendered":"<p>Situat\u00eb alarmante \u00ebsht\u00eb n\u00eb zon\u00ebn e Gurr\u00ebs, mes fshatit Daias dhe Prisk\u00ebs s\u00eb Madhe, n\u00eb rrethinat e Tiran\u00ebs, ku nj\u00eb kod\u00ebr \u00ebsht\u00eb p\u00ebrfshir\u00eb nga flak\u00ebt e m\u00ebdha. Zjarri po p\u00ebrhapet n\u00eb nj\u00eb sip\u00ebrfaqe t\u00eb konsiderueshme, nd\u00ebrsa posht\u00eb kodr\u00ebs ndodhen banesa dhe biznese, duke rritur rrezikun. Flak\u00ebt jan\u00eb afruar pran\u00eb Lundr\u00ebs n\u00eb Tiran\u00eb dhe po u [&hellip;]<\/p>\n","protected":false},"author":0,"featured_media":0,"comment_status":"open","ping_status":"open","sticky":false,"template":"","format":"standard","meta":{"footnotes":""},"categories":[1],"tags":[],"class_list":["post-96721","post","type-post","status-publish","format-standard","hentry","category-uncategorized"],"_links":{"self":[{"href":"https:\/\/zennihost.com\/test\/wp-json\/wp\/v2\/posts\/96721","targetHints":{"allow":["GET"]}}],"collection":[{"href":"https:\/\/zennihost.com\/test\/wp-json\/wp\/v2\/posts"}],"about":[{"href":"https:\/\/zennihost.com\/test\/wp-json\/wp\/v2\/types\/post"}],"replies":[{"embeddable":true,"href":"https:\/\/zennihost.com\/test\/wp-json\/wp\/v2\/comments?post=96721"}],"version-history":[{"count":0,"href":"https:\/\/zennihost.com\/test\/wp-json\/wp\/v2\/posts\/96721\/revisions"}],"wp:attachment":[{"href":"https:\/\/zennihost.com\/test\/wp-json\/wp\/v2\/media?parent=96721"}],"wp:term":[{"taxonomy":"category","embeddable":true,"href":"https:\/\/zennihost.com\/test\/wp-json\/wp\/v2\/categories?post=96721"},{"taxonomy":"post_tag","embeddable":true,"href":"https:\/\/zennihost.com\/test\/wp-json\/wp\/v2\/tags?post=96721"}],"curies":[{"name":"wp","href":"https:\/\/api.w.org\/{rel}","templated":true}]}}