{"id":96720,"date":"2026-08-12T20:49:31","date_gmt":"2026-08-12T20:49:31","guid":{"rendered":"https:\/\/zennihost.com\/test\/2026\/08\/12\/mbyllet-protesta-e-74-t-ne-tirane-qytetaret-marshojne-ne-kryeqytet-rama-ik\/"},"modified":"2026-08-12T20:49:31","modified_gmt":"2026-08-12T20:49:31","slug":"mbyllet-protesta-e-74-t-ne-tirane-qytetaret-marshojne-ne-kryeqytet-rama-ik","status":"publish","type":"post","link":"https:\/\/zennihost.com\/test\/2026\/08\/12\/mbyllet-protesta-e-74-t-ne-tirane-qytetaret-marshojne-ne-kryeqytet-rama-ik\/","title":{"rendered":"Mbyllet protesta e 74-t n\u00eb Tiran\u00eb, qytetar\u00ebt marshojn\u00eb n\u00eb kryeqytet: Rama ik!"},"content":{"rendered":"<p>\u00cbsht\u00eb mbyllur mbr\u00ebmjen e sotme protesta e 74-t\u00eb radhazi n\u00eb Tiran\u00eb, pas disa or\u00ebsh tubim, fjalimesh dhe marshimi n\u00eb rrug\u00ebt e kryeqytetit.<\/p>\n<p>Tubimi nisi n\u00eb bulevardin \u201cD\u00ebshmor\u00ebt e Kombit\u201d, ku protestuesit p\u00ebrcoll\u00ebn mesazhe kund\u00ebr qeveris\u00eb dhe k\u00ebrkuan dor\u00ebheqjen e kryeministrit Edi Rama.<\/p>\n<p>Pas fjalimeve, qytetar\u00ebt u nis\u00ebn n\u00eb marshim p\u00ebrgjat\u00eb rrug\u00ebve kryesore t\u00eb Tiran\u00ebs, duke vijuar me thirrje kund\u00ebr qeveris\u00eb dhe kund\u00ebrshtime ndaj m\u00ebnyr\u00ebs s\u00eb qeverisjes.<\/p>\n<p>N\u00eb p\u00ebrfundim t\u00eb marshimit, protestuesit u shp\u00ebrndan\u00eb gradualisht, duke sh\u00ebnuar mbylljen e protest\u00ebs s\u00eb 74-t\u00eb radhazi n\u00eb kryeqytet.<\/p>\n<p>Tubimet, t\u00eb zhvilluara prej jav\u00ebsh, vijojn\u00eb t\u00eb shoq\u00ebrohen me k\u00ebrkesa p\u00ebr ndryshim politik, dor\u00ebheqjen e qeveris\u00eb dhe masa kund\u00ebr korrupsionit.<\/p>\n<p>\u00a0<\/p>\n<p>The post <a href=\"https:\/\/gijotina.com\/protesta-176\/\">Mbyllet protesta e 74-t n\u00eb Tiran\u00eb, qytetar\u00ebt marshojn\u00eb n\u00eb kryeqytet: Rama ik!<\/a> appeared first on <a href=\"https:\/\/gijotina.com\/\">GIJOTINA<\/a>.<\/p>","protected":false},"excerpt":{"rendered":"<p>\u00cbsht\u00eb mbyllur mbr\u00ebmjen e sotme protesta e 74-t\u00eb radhazi n\u00eb Tiran\u00eb, pas disa or\u00ebsh tubim, fjalimesh dhe marshimi n\u00eb rrug\u00ebt e kryeqytetit. Tubimi nisi n\u00eb bulevardin \u201cD\u00ebshmor\u00ebt e Kombit\u201d, ku protestuesit p\u00ebrcoll\u00ebn mesazhe kund\u00ebr qeveris\u00eb dhe k\u00ebrkuan dor\u00ebheqjen e kryeministrit Edi Rama. Pas fjalimeve, qytetar\u00ebt u nis\u00ebn n\u00eb marshim p\u00ebrgjat\u00eb rrug\u00ebve kryesore t\u00eb Tiran\u00ebs, duke [&hellip;]<\/p>\n","protected":false},"author":0,"featured_media":0,"comment_status":"open","ping_status":"open","sticky":false,"template":"","format":"standard","meta":{"footnotes":""},"categories":[1],"tags":[],"class_list":["post-96720","post","type-post","status-publish","format-standard","hentry","category-uncategorized"],"_links":{"self":[{"href":"https:\/\/zennihost.com\/test\/wp-json\/wp\/v2\/posts\/96720","targetHints":{"allow":["GET"]}}],"collection":[{"href":"https:\/\/zennihost.com\/test\/wp-json\/wp\/v2\/posts"}],"about":[{"href":"https:\/\/zennihost.com\/test\/wp-json\/wp\/v2\/types\/post"}],"replies":[{"embeddable":true,"href":"https:\/\/zennihost.com\/test\/wp-json\/wp\/v2\/comments?post=96720"}],"version-history":[{"count":0,"href":"https:\/\/zennihost.com\/test\/wp-json\/wp\/v2\/posts\/96720\/revisions"}],"wp:attachment":[{"href":"https:\/\/zennihost.com\/test\/wp-json\/wp\/v2\/media?parent=96720"}],"wp:term":[{"taxonomy":"category","embeddable":true,"href":"https:\/\/zennihost.com\/test\/wp-json\/wp\/v2\/categories?post=96720"},{"taxonomy":"post_tag","embeddable":true,"href":"https:\/\/zennihost.com\/test\/wp-json\/wp\/v2\/tags?post=96720"}],"curies":[{"name":"wp","href":"https:\/\/api.w.org\/{rel}","templated":true}]}}