{"id":96719,"date":"2026-08-12T19:48:15","date_gmt":"2026-08-12T19:48:15","guid":{"rendered":"https:\/\/zennihost.com\/test\/2026\/08\/12\/sinjali-i-frikshem-i-antentatorit-qe-italia-riatdhesoi-ne-shqiperi\/"},"modified":"2026-08-12T19:48:15","modified_gmt":"2026-08-12T19:48:15","slug":"sinjali-i-frikshem-i-antentatorit-qe-italia-riatdhesoi-ne-shqiperi","status":"publish","type":"post","link":"https:\/\/zennihost.com\/test\/2026\/08\/12\/sinjali-i-frikshem-i-antentatorit-qe-italia-riatdhesoi-ne-shqiperi\/","title":{"rendered":"Sinjali i friksh\u00ebm i antentatorit q\u00eb Italia riatdhesoi n\u00eb Shqip\u00ebri"},"content":{"rendered":"<p>Ylli Pata<\/p>\n<p>Ngjarja e ndodhur k\u00ebt\u00eb t\u00eb h\u00ebn\u00eb n\u00eb Italin\u00eb verilindore, p\u00ebrkat\u00ebsisht zon\u00ebn m\u00eb t\u00eb zhvilluar, ka mbushur mediat atje dhe \u00ebsht\u00eb kthyer menj\u00ebher\u00eb n\u00eb nj\u00eb debat politik.<\/p>\n<p>Nj\u00eb 22 vje\u00e7ar, udh\u00ebtonte nga aeroporti i Rinasit p\u00ebr n\u00eb aeroportin Canaco t\u00eb Treviso-s, me prind\u00ebrit e tij, n\u00eb bordin e nj\u00eb udh\u00ebtimi low cost.<\/p>\n<p>Ai, s\u00eb bashku me familjen kishte si destinacion qytetin e Pordenones n\u00eb rajonin e Friulli Venezia Gulia-s, ku jetojn\u00eb prej vitesh xhaxhallar\u00ebt e tij. Me t\u00eb mb\u00ebrritur n\u00eb aeroport, 22 vje\u00e7ari \u00ebsht\u00eb arrestuar n\u00eb vend e m\u00eb pas pas disa or\u00ebsh \u00ebsht\u00eb riathdhesuar pako postare n\u00eb Rinas ku i \u00ebsht\u00eb dor\u00ebzuar policis\u00eb shqiptare.<\/p>\n<p>Ka mjaft mister mbi k\u00ebt\u00eb ngjarje, duke nisur nga t\u00eb dh\u00ebnat e identitetit t\u00eb 22 vje\u00e7arit, por p\u00ebr t\u00eb cilin u b\u00eb shum\u00eb buj\u00eb n\u00eb Itali, sa ka folur edhe vete ministri i Brendsh\u00ebm, Matteo Piantedosi.<\/p>\n<p>Ministri Italian ka deklaruar se forcat e rendit kan\u00eb zbuluar nj\u00eb plan t\u00eb rreziksh\u00ebm p\u00ebr t\u00eb kryer nj\u00eb attentat terrorist n\u00eb nj\u00eb nga qendrat tregtare m\u00eb t\u00eb m\u00ebdha t\u00eb verilindjes s\u00eb Italis\u00eb.<\/p>\n<p>Personazhi q\u00eb u riatdhesua n\u00eb Itali, konsiderohet si pjes\u00eb e nj\u00eb b\u00ebrthame t\u00eb rrezikshme terroriste, i radikalizuar prej koh\u00ebsh. Autoritetet italiane thon\u00eb se 22 vje\u00e7ari kishte porositur online, pasi kishte hapur edhe nj\u00eb llogari bankare n\u00eb Itali, materiale q\u00eb sh\u00ebrbejn\u00eb p\u00ebr nd\u00ebrtimin e nj\u00eb bombe artizanale.<\/p>\n<p>Ky personazh mbahej prej koh\u00ebsh n\u00ebn v\u00ebzhgim nga sh\u00ebrbimet sekrete italiane, t\u00eb cil\u00ebt kishin kapur kat\u00ebr element\u00eb t\u00eb friksh\u00ebm q\u00eb rrit\u00ebn alarmin mbi qytetarin shqiptar. i cili nuk \u00ebsht\u00eb hera e par\u00eb q\u00eb viziton Italin\u00eb, pasi shkonte shpesh dhe q\u00ebndronte p\u00ebr nj\u00eb koh\u00eb t\u00eb gjat\u00eb. B\u00ebhet fjal\u00eb p\u00ebr nj\u00eb individ q\u00eb d\u00ebshmin\u00eb e penalitetit e ka t\u00eb pandotur, asnj\u00eb krim t\u00eb regjistruar n\u00eb t\u00eb shkuar\u00ebn.<\/p>\n<p>Por pasi ka r\u00ebn\u00eb n\u00eb v\u00ebzhgimin e disa sh\u00ebrbimeve inteligjente, duket p\u00ebrve\u00e7 atij Italian e shqiptar, edhe t\u00eb vendeve t\u00eb tjera partnere, \u00ebsht\u00eb zbuluar nj\u00eb marr\u00ebdh\u00ebnie e tij onlin\u00eb me mjedise radikale dhe ekstremiste islamike.<\/p>\n<p>Frekuentonte komunitete online virtuale ku nxitet urrejtja ndaj Per\u00ebndimit, besimeve t\u00eb tjera fetare e sidomos ndaj kultur\u00ebs laike.<\/p>\n<p>Sipas autoriteteve italiane, kat\u00ebr ishin k\u00ebmbana e alarmit q\u00eb kan\u00eb sjell\u00eb reagimin e fort\u00eb: Betimi i 22 vje\u00e7arit p\u00ebr besnik\u00ebri ndaj organizatave t\u00eb konsideruara si rrjete t\u00eb ISIS, hapja e nj\u00eb llogarie bankare n\u00eb Itali, pa pasur ndonj\u00eb nevoj\u00eb p\u00ebr biznes apo pun\u00eb, si dhe k\u00ebrkimi p\u00ebr t\u00eb bler\u00eb materiale q\u00eb p\u00ebrdoren p\u00ebr t\u00eb nd\u00ebrtuar nj\u00eb bomb\u00eb artizanale.<\/p>\n<p>I ndaluar n\u00eb aeroportit e Canova-s, ai \u00ebsht\u00eb mbajtur nj\u00eb nat\u00eb atje, m\u00eb pas \u00ebsht\u00eb riathdhesuar menj\u00ebher\u00eb n\u00eb Shqip\u00ebri. Mos mbajtja, p\u00ebrkat\u00ebsisht mos arrestimi nga autoritetet italiane, jep t\u00eb tregoj\u00eb k\u00ebto autoritete kan\u00eb p\u00ebrdorur nj\u00eb procedur\u00eb administrative urgjente si riatdhesimi, pa hyr\u00eb n\u00eb ndjekjen penale, q\u00eb \u00ebsht\u00eb kosto kohore, jep kok\u00eb\u00e7arje n\u00eb diskutimet mediatike, e n\u00eb fund ka kosto edhe p\u00ebr shtetin.<\/p>","protected":false},"excerpt":{"rendered":"<p>Ylli Pata Ngjarja e ndodhur k\u00ebt\u00eb t\u00eb h\u00ebn\u00eb n\u00eb Italin\u00eb verilindore, p\u00ebrkat\u00ebsisht zon\u00ebn m\u00eb t\u00eb zhvilluar, ka mbushur mediat atje dhe \u00ebsht\u00eb kthyer menj\u00ebher\u00eb n\u00eb nj\u00eb debat politik. Nj\u00eb 22 vje\u00e7ar, udh\u00ebtonte nga aeroporti i Rinasit p\u00ebr n\u00eb aeroportin Canaco t\u00eb Treviso-s, me prind\u00ebrit e tij, n\u00eb bordin e nj\u00eb udh\u00ebtimi low cost. Ai, s\u00eb [&hellip;]<\/p>\n","protected":false},"author":0,"featured_media":0,"comment_status":"open","ping_status":"open","sticky":false,"template":"","format":"standard","meta":{"footnotes":""},"categories":[1],"tags":[],"class_list":["post-96719","post","type-post","status-publish","format-standard","hentry","category-uncategorized"],"_links":{"self":[{"href":"https:\/\/zennihost.com\/test\/wp-json\/wp\/v2\/posts\/96719","targetHints":{"allow":["GET"]}}],"collection":[{"href":"https:\/\/zennihost.com\/test\/wp-json\/wp\/v2\/posts"}],"about":[{"href":"https:\/\/zennihost.com\/test\/wp-json\/wp\/v2\/types\/post"}],"replies":[{"embeddable":true,"href":"https:\/\/zennihost.com\/test\/wp-json\/wp\/v2\/comments?post=96719"}],"version-history":[{"count":0,"href":"https:\/\/zennihost.com\/test\/wp-json\/wp\/v2\/posts\/96719\/revisions"}],"wp:attachment":[{"href":"https:\/\/zennihost.com\/test\/wp-json\/wp\/v2\/media?parent=96719"}],"wp:term":[{"taxonomy":"category","embeddable":true,"href":"https:\/\/zennihost.com\/test\/wp-json\/wp\/v2\/categories?post=96719"},{"taxonomy":"post_tag","embeddable":true,"href":"https:\/\/zennihost.com\/test\/wp-json\/wp\/v2\/tags?post=96719"}],"curies":[{"name":"wp","href":"https:\/\/api.w.org\/{rel}","templated":true}]}}