{"id":96717,"date":"2026-08-12T19:48:13","date_gmt":"2026-08-12T19:48:13","guid":{"rendered":"https:\/\/zennihost.com\/test\/2026\/08\/12\/ndertuan-pa-leje-ne-karaburun-arrestohet-njeri-prej-ndertuesve-ortaku-shpallet-ne-kerkim\/"},"modified":"2026-08-12T19:48:13","modified_gmt":"2026-08-12T19:48:13","slug":"ndertuan-pa-leje-ne-karaburun-arrestohet-njeri-prej-ndertuesve-ortaku-shpallet-ne-kerkim","status":"publish","type":"post","link":"https:\/\/zennihost.com\/test\/2026\/08\/12\/ndertuan-pa-leje-ne-karaburun-arrestohet-njeri-prej-ndertuesve-ortaku-shpallet-ne-kerkim\/","title":{"rendered":"Nd\u00ebrtuan pa leje n\u00eb Karaburun, arrestohet nj\u00ebri prej nd\u00ebrtuesve, ortaku shpallet n\u00eb k\u00ebrkim"},"content":{"rendered":"<p>Nj\u00eb nd\u00ebrtim pa leje n\u00eb zon\u00ebn e Sh\u00ebn Janit, n\u00eb Karaburun, \u00ebsht\u00eb prishur pasditen e sotme gjat\u00eb nj\u00eb operacioni t\u00eb p\u00ebrbashk\u00ebt t\u00eb Policis\u00eb s\u00eb Shtetit dhe IKMT-s\u00eb.<\/p>\n<p>N\u00eb operacion mor\u00ebn pjes\u00eb Drejtori i P\u00ebrgjithsh\u00ebm i Policis\u00eb s\u00eb Shtetit, Drejtues Madhor Sk\u00ebnder Hita, dhe Kryeinspektori i IKMT-s\u00eb, Afrim Qendro.<\/p>\n<p>B\u00ebhet fjal\u00eb p\u00ebr nj\u00eb objekt prej druri, i cili po nd\u00ebrtohej si \u201cbeach bar\u201d.<\/p>\n<p>Sipas Policis\u00eb, objekti ishte nd\u00ebrtuar nga shtetasit O. Sh. dhe S. D., t\u00eb cil\u00ebt ishin proceduar penalisht edhe m\u00eb par\u00eb dhe kishin tejkaluar afatin e p\u00ebrcaktuar p\u00ebr prishjen vullnetare t\u00eb nd\u00ebrtimit.<\/p>\n<p>Gjat\u00eb operacionit u arrestua nj\u00ebri prej nd\u00ebrtuesve, shtetasi S. D., nd\u00ebrsa ortaku i tij, O. Sh., u shpall n\u00eb k\u00ebrkim. Policia vijon pun\u00ebn p\u00ebr lokalizimin dhe kapjen e tij.<\/p>\n<p>Gjat\u00eb nj\u00eb prononcimi, Drejtori i P\u00ebrgjithsh\u00ebm i Policis\u00eb, Sk\u00ebnder Hita, dhe Kryeinspektori i IKMT-s\u00eb, Afrim Qendro, u b\u00ebn\u00eb thirrje qytetar\u00ebve t\u00eb mos nd\u00ebrmarrin iniciativa p\u00ebr nd\u00ebrtime pa leje, duke paralajm\u00ebruar zbatimin e ligjit ndaj shkel\u00ebsve.<\/p>\n<p>Nd\u00ebrkoh\u00eb, Drejtoria Vendore e Policis\u00eb Vlor\u00eb vijon veprimet hetimore p\u00ebr t\u00eb nxjerr\u00eb para p\u00ebrgjegj\u00ebsis\u00eb ligjore edhe persona t\u00eb tjer\u00eb q\u00eb dyshohet se kan\u00eb lejuar apo kan\u00eb dh\u00ebn\u00eb leje n\u00eb kund\u00ebrshtim me ligjin.<\/p>\n<p>\u00a0<\/p>\n<p>The post <a href=\"https:\/\/gijotina.com\/karaburun\/\">Nd\u00ebrtuan pa leje n\u00eb Karaburun, arrestohet nj\u00ebri prej nd\u00ebrtuesve, ortaku shpallet n\u00eb k\u00ebrkim<\/a> appeared first on <a href=\"https:\/\/gijotina.com\/\">GIJOTINA<\/a>.<\/p>","protected":false},"excerpt":{"rendered":"<p>Nj\u00eb nd\u00ebrtim pa leje n\u00eb zon\u00ebn e Sh\u00ebn Janit, n\u00eb Karaburun, \u00ebsht\u00eb prishur pasditen e sotme gjat\u00eb nj\u00eb operacioni t\u00eb p\u00ebrbashk\u00ebt t\u00eb Policis\u00eb s\u00eb Shtetit dhe IKMT-s\u00eb. N\u00eb operacion mor\u00ebn pjes\u00eb Drejtori i P\u00ebrgjithsh\u00ebm i Policis\u00eb s\u00eb Shtetit, Drejtues Madhor Sk\u00ebnder Hita, dhe Kryeinspektori i IKMT-s\u00eb, Afrim Qendro. B\u00ebhet fjal\u00eb p\u00ebr nj\u00eb objekt prej druri, [&hellip;]<\/p>\n","protected":false},"author":0,"featured_media":0,"comment_status":"open","ping_status":"open","sticky":false,"template":"","format":"standard","meta":{"footnotes":""},"categories":[1],"tags":[],"class_list":["post-96717","post","type-post","status-publish","format-standard","hentry","category-uncategorized"],"_links":{"self":[{"href":"https:\/\/zennihost.com\/test\/wp-json\/wp\/v2\/posts\/96717","targetHints":{"allow":["GET"]}}],"collection":[{"href":"https:\/\/zennihost.com\/test\/wp-json\/wp\/v2\/posts"}],"about":[{"href":"https:\/\/zennihost.com\/test\/wp-json\/wp\/v2\/types\/post"}],"replies":[{"embeddable":true,"href":"https:\/\/zennihost.com\/test\/wp-json\/wp\/v2\/comments?post=96717"}],"version-history":[{"count":0,"href":"https:\/\/zennihost.com\/test\/wp-json\/wp\/v2\/posts\/96717\/revisions"}],"wp:attachment":[{"href":"https:\/\/zennihost.com\/test\/wp-json\/wp\/v2\/media?parent=96717"}],"wp:term":[{"taxonomy":"category","embeddable":true,"href":"https:\/\/zennihost.com\/test\/wp-json\/wp\/v2\/categories?post=96717"},{"taxonomy":"post_tag","embeddable":true,"href":"https:\/\/zennihost.com\/test\/wp-json\/wp\/v2\/tags?post=96717"}],"curies":[{"name":"wp","href":"https:\/\/api.w.org\/{rel}","templated":true}]}}