{"id":96716,"date":"2026-08-12T19:48:13","date_gmt":"2026-08-12T19:48:13","guid":{"rendered":"https:\/\/zennihost.com\/test\/2026\/08\/12\/marjana-koceku-ngre-dyshime-per-flaket-prane-guroreve-ne-kruje-zjarri-ka-qene-politik\/"},"modified":"2026-08-12T19:48:13","modified_gmt":"2026-08-12T19:48:13","slug":"marjana-koceku-ngre-dyshime-per-flaket-prane-guroreve-ne-kruje-zjarri-ka-qene-politik","status":"publish","type":"post","link":"https:\/\/zennihost.com\/test\/2026\/08\/12\/marjana-koceku-ngre-dyshime-per-flaket-prane-guroreve-ne-kruje-zjarri-ka-qene-politik\/","title":{"rendered":"Marjana Ko\u00e7eku ngre dyshime p\u00ebr flak\u00ebt pran\u00eb guroreve n\u00eb Kruj\u00eb: \u201cZjarri ka qen\u00eb politik\u201d"},"content":{"rendered":"<p>Deputetja e pavarur, Marjana Ko\u00e7eku, ka kritikuar s\u00ebrish qeverin\u00eb e Edi Ram\u00ebs lidhur me situat\u00ebn e zjarreve n\u00eb vend, duke ngritur pik\u00ebpyetje mbi m\u00ebnyr\u00ebn e menaxhimit t\u00eb territorit dhe mbrojtjes s\u00eb zonave pyjore.<\/p>\n<p>Duke iu referuar situat\u00ebs n\u00eb Kruj\u00eb, Ko\u00e7eku thot\u00eb se pas fabrik\u00ebs s\u00eb \u00e7imentos ndodhen disa gurore t\u00eb m\u00ebdha dhe se pik\u00ebrisht kjo zon\u00eb ka qen\u00eb nd\u00ebr vatrat kryesore t\u00eb zjarrit gjat\u00eb dit\u00ebve t\u00eb fundit.<\/p>\n<p>Sipas saj, tre prej k\u00ebtyre vatrave vazhdojn\u00eb t\u00eb mbeten aktive.<\/p>\n<p>Ko\u00e7eku thekson se n\u00eb Shqip\u00ebri zjarret jan\u00eb p\u00ebrdorur n\u00eb raste t\u00eb caktuara si mjet p\u00ebr p\u00ebrfitime ekonomike dhe p\u00ebr krijimin e hap\u00ebsirave p\u00ebr zhvillime t\u00eb m\u00ebvonshme.<\/p>\n<p>Ajo sjell si shembull rastin e Pish\u00eb-Poros, ku sipas saj zjarri zgjati p\u00ebr dit\u00eb me radh\u00eb dhe shkaktoi d\u00ebme t\u00eb m\u00ebdha.<\/p>\n<p>Deputetja e lidh situat\u00ebn edhe me reform\u00ebn territoriale dhe propozimet p\u00ebr riorganizimin e nj\u00ebsive vendore. Sipas saj, p\u00ebrqendrimi i kompetencave dhe dob\u00ebsimi i pushtetit vendor po shk\u00ebput lidhjen e komuniteteve me territorin q\u00eb administrojn\u00eb.<\/p>\n<p><strong>Reagimi i plot\u00eb i deputetes Marjana Ko\u00e7eku:<\/strong><\/p>\n<p>Mbrapa fabrik\u00ebs s\u00eb \u00e7imentos n\u00eb Kruj\u00eb ndodhen 4-5 gurore t\u00eb m\u00ebdha. K\u00ebto dit\u00eb, kjo zon\u00eb ishte nd\u00ebr vatrat kryesore t\u00eb zjarrit, ku tre prej tyre vazhdojn\u00eb t\u00eb jen\u00eb aktive. Jo rast\u00ebsisht.<\/p>\n<p>Shpeshher\u00eb zjarri n\u00eb Shqip\u00ebri ka qen\u00eb politik dhe mjet p\u00ebr t\u00eb zaptuar territore t\u00eb reja. Zjarr p\u00ebr t\u00eb nxitur \u2018zhvillime\u2019 t\u00eb m\u00ebvonshme, leht\u00ebsime ligjore dhe dep\u00ebrtime q\u00eb n\u00eb kushte normale nuk do t\u00eb mund t\u00eb realizoheshin. Si\u00e7 ndodhi n\u00eb Pish\u00eb-Poro para dy vitesh, ku zjarri zgjati 10 dit\u00eb pa nd\u00ebrhyrje dhe shkrumboi gjith\u00e7ka.<\/p>\n<p>Ka m\u00eb shum\u00eb shtysa p\u00ebr t\u00eb djegur e shfryt\u00ebzuar territorin sesa p\u00ebr ta mbrojtur at\u00eb. Duke p\u00ebrqendruar t\u00eb gjitha energjit\u00eb te nd\u00ebrtimi pa kriter dhe spekulativ, njer\u00ebzit shohin \u00e7do rrug\u00eb p\u00ebr p\u00ebrfitim ekonomik. Jo rast\u00ebsisht, shumica e guroreve kontrollohen nga grupe mafioze dhe kriminale.<\/p>\n<p>Ende nuk ekziston nj\u00eb linj\u00eb e qart\u00eb se si administrohet toka pyjore. Shpesh, duke e l\u00ebn\u00eb si tok\u00eb t\u00eb askujt, askush nuk ndjen m\u00eb p\u00ebrgjegj\u00ebsi apo p\u00ebrkat\u00ebsi, por vet\u00ebm d\u00ebshir\u00ebn p\u00ebr t\u00eb p\u00ebrfituar.<\/p>\n<p>Kjo lidhet pashmangshm\u00ebrisht me reformat territoriale t\u00eb b\u00ebra nd\u00ebr vite dhe me synimin p\u00ebr t\u00eb shkrir\u00eb disa bashki t\u00eb vogla. Duke u hequr kompetencat strukturave lokale, po dob\u00ebsohet lidhja e komunitetit me territorin dhe marr\u00ebdh\u00ebnia administrativo-institucionale me banor\u00ebt.<\/p>\n<p>Duke humbur p\u00ebrgjegj\u00ebsin\u00eb dhe p\u00ebrkat\u00ebsin\u00eb ndaj vendit, marr\u00ebdh\u00ebniet e komunitetit me territorin kthehen vet\u00ebm n\u00eb marr\u00ebdh\u00ebnie burokratike n\u00eb let\u00ebr, t\u00eb thata dhe t\u00eb shk\u00ebputura nga realiteti.<\/p>\n<p>\u00a0<\/p>\n<p>\u00a0<\/p>\n<p>\u00a0<\/p>\n<p>The post <a href=\"https:\/\/gijotina.com\/deputetja-19\/\">Marjana Ko\u00e7eku ngre dyshime p\u00ebr flak\u00ebt pran\u00eb guroreve n\u00eb Kruj\u00eb: \u201cZjarri ka qen\u00eb politik\u201d<\/a> appeared first on <a href=\"https:\/\/gijotina.com\/\">GIJOTINA<\/a>.<\/p>","protected":false},"excerpt":{"rendered":"<p>Deputetja e pavarur, Marjana Ko\u00e7eku, ka kritikuar s\u00ebrish qeverin\u00eb e Edi Ram\u00ebs lidhur me situat\u00ebn e zjarreve n\u00eb vend, duke ngritur pik\u00ebpyetje mbi m\u00ebnyr\u00ebn e menaxhimit t\u00eb territorit dhe mbrojtjes s\u00eb zonave pyjore. Duke iu referuar situat\u00ebs n\u00eb Kruj\u00eb, Ko\u00e7eku thot\u00eb se pas fabrik\u00ebs s\u00eb \u00e7imentos ndodhen disa gurore t\u00eb m\u00ebdha dhe se pik\u00ebrisht kjo [&hellip;]<\/p>\n","protected":false},"author":0,"featured_media":0,"comment_status":"open","ping_status":"open","sticky":false,"template":"","format":"standard","meta":{"footnotes":""},"categories":[1],"tags":[],"class_list":["post-96716","post","type-post","status-publish","format-standard","hentry","category-uncategorized"],"_links":{"self":[{"href":"https:\/\/zennihost.com\/test\/wp-json\/wp\/v2\/posts\/96716","targetHints":{"allow":["GET"]}}],"collection":[{"href":"https:\/\/zennihost.com\/test\/wp-json\/wp\/v2\/posts"}],"about":[{"href":"https:\/\/zennihost.com\/test\/wp-json\/wp\/v2\/types\/post"}],"replies":[{"embeddable":true,"href":"https:\/\/zennihost.com\/test\/wp-json\/wp\/v2\/comments?post=96716"}],"version-history":[{"count":0,"href":"https:\/\/zennihost.com\/test\/wp-json\/wp\/v2\/posts\/96716\/revisions"}],"wp:attachment":[{"href":"https:\/\/zennihost.com\/test\/wp-json\/wp\/v2\/media?parent=96716"}],"wp:term":[{"taxonomy":"category","embeddable":true,"href":"https:\/\/zennihost.com\/test\/wp-json\/wp\/v2\/categories?post=96716"},{"taxonomy":"post_tag","embeddable":true,"href":"https:\/\/zennihost.com\/test\/wp-json\/wp\/v2\/tags?post=96716"}],"curies":[{"name":"wp","href":"https:\/\/api.w.org\/{rel}","templated":true}]}}