{"id":96715,"date":"2026-08-12T19:48:13","date_gmt":"2026-08-12T19:48:13","guid":{"rendered":"https:\/\/zennihost.com\/test\/2026\/08\/12\/ironia-e-aktivistes-vetem-patronazhistet-e-kane-te-ardhmen-te-sigurt\/"},"modified":"2026-08-12T19:48:13","modified_gmt":"2026-08-12T19:48:13","slug":"ironia-e-aktivistes-vetem-patronazhistet-e-kane-te-ardhmen-te-sigurt","status":"publish","type":"post","link":"https:\/\/zennihost.com\/test\/2026\/08\/12\/ironia-e-aktivistes-vetem-patronazhistet-e-kane-te-ardhmen-te-sigurt\/","title":{"rendered":"Ironia e aktivistes: Vet\u00ebm patronazhist\u00ebt e kan\u00eb t\u00eb ardhmen t\u00eb sigurt"},"content":{"rendered":"<p>Aktivistja Arvina Lleshi tha nga protesta para Kryeministris\u00eb se politikat e qeveris\u00eb s\u00eb Edi Ram\u00ebs kan\u00eb b\u00ebr\u00eb q\u00eb gjithnj\u00eb e m\u00eb shum\u00eb t\u00eb rinj t\u00eb largohen nga Shqipq\u00ebria dhe t\u00eb mos e shohin t\u00eb ardhmen e tyre n\u00eb vend.<\/p>\n<p>Ajo tha se t\u00eb rinjt\u00eb studiojn\u00eb dhe p\u00ebrgatiten, por nuk kan\u00eb siguri p\u00ebr t\u00eb ardhmen n\u00eb vend.<\/p>\n<p>Me ironi, ajo shtoi se vet\u00ebm patronazhist\u00ebt e kan\u00eb t\u00eb ardhmen e sigurt n\u00eb Shqip\u00ebri.<\/p>\n<p>\u201cSot n\u00eb k\u00ebt\u00eb dit\u00eb t\u00eb t\u00eb rinjve dua t\u00eb flas p\u00ebr realitetin q\u00eb shohim \u00e7do dit\u00eb. Shqip\u00ebria po humbet rinin\u00eb e saj prej politikave q\u00eb ka krijuar kjo qeveri. Po humbasim vajzat e djemt\u00eb q\u00eb duhet t\u00eb nd\u00ebrtonin k\u00ebt\u00eb vend, student\u00ebt, profesionist\u00ebt, sip\u00ebrmarr\u00ebsit dhe \u00ebndrrat e nj\u00eb brezi t\u00eb t\u00ebr\u00eb. Po studiojm\u00eb por pa ditur \u00e7far\u00eb do ndodh\u00eb me ne.<\/p>\n<p>Vet\u00ebm patronazhist\u00ebt e kan\u00eb t\u00eb ardhmen t\u00eb sigurt n\u00eb Shqip\u00ebri. Ne nuk po arrijm\u00eb t\u00eb mbijetojm\u00eb n\u00eb Shqip\u00ebri, jo m\u00eb t\u00eb k\u00ebrkojm\u00eb t\u00eb ardhme k\u00ebtu! Po e shohim t\u00eb ardhmen vet\u00ebm jasht\u00eb sepse nuk po na mund\u00ebsojn\u00eb t\u00eb ardhme n\u00eb Shqip\u00ebri!\u201d, tha ajo.<\/p>\n<p>The post <a href=\"https:\/\/gijotina.com\/aktivistja\/\">Ironia e aktivistes: Vet\u00ebm patronazhist\u00ebt e kan\u00eb t\u00eb ardhmen t\u00eb sigurt<\/a> appeared first on <a href=\"https:\/\/gijotina.com\/\">GIJOTINA<\/a>.<\/p>","protected":false},"excerpt":{"rendered":"<p>Aktivistja Arvina Lleshi tha nga protesta para Kryeministris\u00eb se politikat e qeveris\u00eb s\u00eb Edi Ram\u00ebs kan\u00eb b\u00ebr\u00eb q\u00eb gjithnj\u00eb e m\u00eb shum\u00eb t\u00eb rinj t\u00eb largohen nga Shqipq\u00ebria dhe t\u00eb mos e shohin t\u00eb ardhmen e tyre n\u00eb vend. Ajo tha se t\u00eb rinjt\u00eb studiojn\u00eb dhe p\u00ebrgatiten, por nuk kan\u00eb siguri p\u00ebr t\u00eb ardhmen n\u00eb [&hellip;]<\/p>\n","protected":false},"author":0,"featured_media":0,"comment_status":"open","ping_status":"open","sticky":false,"template":"","format":"standard","meta":{"footnotes":""},"categories":[1],"tags":[],"class_list":["post-96715","post","type-post","status-publish","format-standard","hentry","category-uncategorized"],"_links":{"self":[{"href":"https:\/\/zennihost.com\/test\/wp-json\/wp\/v2\/posts\/96715","targetHints":{"allow":["GET"]}}],"collection":[{"href":"https:\/\/zennihost.com\/test\/wp-json\/wp\/v2\/posts"}],"about":[{"href":"https:\/\/zennihost.com\/test\/wp-json\/wp\/v2\/types\/post"}],"replies":[{"embeddable":true,"href":"https:\/\/zennihost.com\/test\/wp-json\/wp\/v2\/comments?post=96715"}],"version-history":[{"count":0,"href":"https:\/\/zennihost.com\/test\/wp-json\/wp\/v2\/posts\/96715\/revisions"}],"wp:attachment":[{"href":"https:\/\/zennihost.com\/test\/wp-json\/wp\/v2\/media?parent=96715"}],"wp:term":[{"taxonomy":"category","embeddable":true,"href":"https:\/\/zennihost.com\/test\/wp-json\/wp\/v2\/categories?post=96715"},{"taxonomy":"post_tag","embeddable":true,"href":"https:\/\/zennihost.com\/test\/wp-json\/wp\/v2\/tags?post=96715"}],"curies":[{"name":"wp","href":"https:\/\/api.w.org\/{rel}","templated":true}]}}