{"id":83151,"date":"2026-04-20T19:16:55","date_gmt":"2026-04-20T19:16:55","guid":{"rendered":"https:\/\/zennihost.com\/test\/2026\/04\/20\/kreu-i-spak-pritet-ne-departamentin-e-drejtesise-ne-shba\/"},"modified":"2026-04-20T19:16:55","modified_gmt":"2026-04-20T19:16:55","slug":"kreu-i-spak-pritet-ne-departamentin-e-drejtesise-ne-shba","status":"publish","type":"post","link":"https:\/\/zennihost.com\/test\/2026\/04\/20\/kreu-i-spak-pritet-ne-departamentin-e-drejtesise-ne-shba\/","title":{"rendered":"Kreu i SPAK pritet n\u00eb Departamentin e Drejt\u00ebsis\u00eb n\u00eb SHBA"},"content":{"rendered":"<p>Nj\u00eb delegacion i Prokuroris\u00eb s\u00eb Posa\u00e7me (SPAK) zhvilloi nj\u00eb takim zyrtar n\u00eb Departamentin e Drejt\u00ebsis\u00eb n\u00eb SHBA, duke forcuar partneritetin strategjik n\u00eb luft\u00ebn kund\u00ebr krimit t\u00eb organizuar dhe korrupsionit nd\u00ebrkomb\u00ebtar.<\/p>\n<p>Takimi u zhvillua n\u00eb kuad\u00ebr t\u00eb bashk\u00ebpunimit t\u00eb vazhduesh\u00ebm me Divizionin Penal t\u00eb k\u00ebtij institucioni, ku Ndihm\u00ebs Prokurori i P\u00ebrgjithsh\u00ebm, A. Tysen Duva, s\u00eb bashku me programin OPDAT, mir\u00ebprit\u00ebn delegacionin shqiptar t\u00eb kryesuar nga drejtuesi i SPAK, Klodjan Braho.<\/p>\n<p>Gjat\u00eb vizit\u00ebs, prokuror\u00ebt dhe hetuesit e SPAK zhvilluan takime edhe me agjenci ky\u00e7e ligjzbatuese amerikane, si FBI, DEA dhe ICITAP.<\/p>\n<p>Ky bashk\u00ebpunim synon rritjen e kapaciteteve hetimore dhe koordinimin m\u00eb t\u00eb ngusht\u00eb n\u00eb goditjen e rrjeteve kriminale nd\u00ebrkufitare dhe rasteve t\u00eb korrupsionit t\u00eb nivelit t\u00eb lart\u00eb, duke e vendosur fokusin te hetimet e p\u00ebrbashk\u00ebta dhe shk\u00ebmbimi i ekspertiz\u00ebs.<\/p>\n<p>The post <a href=\"https:\/\/lapsi.al\/2026\/04\/20\/kreu-i-spak-pritet-ne-departamentin-e-drejtesise-ne-shba\/\">Kreu i SPAK pritet n\u00eb Departamentin e Drejt\u00ebsis\u00eb n\u00eb SHBA<\/a> appeared first on <a href=\"https:\/\/lapsi.al\/\">Lapsi.al<\/a>.<\/p>","protected":false},"excerpt":{"rendered":"<p>Nj\u00eb delegacion i Prokuroris\u00eb s\u00eb Posa\u00e7me (SPAK) zhvilloi nj\u00eb takim zyrtar n\u00eb Departamentin e Drejt\u00ebsis\u00eb n\u00eb SHBA, duke forcuar partneritetin strategjik n\u00eb luft\u00ebn kund\u00ebr krimit t\u00eb organizuar dhe korrupsionit nd\u00ebrkomb\u00ebtar. Takimi u zhvillua n\u00eb kuad\u00ebr t\u00eb bashk\u00ebpunimit t\u00eb vazhduesh\u00ebm me Divizionin Penal t\u00eb k\u00ebtij institucioni, ku Ndihm\u00ebs Prokurori i P\u00ebrgjithsh\u00ebm, A. Tysen Duva, s\u00eb bashku [&hellip;]<\/p>\n","protected":false},"author":0,"featured_media":0,"comment_status":"open","ping_status":"open","sticky":false,"template":"","format":"standard","meta":{"footnotes":""},"categories":[1],"tags":[],"class_list":["post-83151","post","type-post","status-publish","format-standard","hentry","category-uncategorized"],"_links":{"self":[{"href":"https:\/\/zennihost.com\/test\/wp-json\/wp\/v2\/posts\/83151","targetHints":{"allow":["GET"]}}],"collection":[{"href":"https:\/\/zennihost.com\/test\/wp-json\/wp\/v2\/posts"}],"about":[{"href":"https:\/\/zennihost.com\/test\/wp-json\/wp\/v2\/types\/post"}],"replies":[{"embeddable":true,"href":"https:\/\/zennihost.com\/test\/wp-json\/wp\/v2\/comments?post=83151"}],"version-history":[{"count":0,"href":"https:\/\/zennihost.com\/test\/wp-json\/wp\/v2\/posts\/83151\/revisions"}],"wp:attachment":[{"href":"https:\/\/zennihost.com\/test\/wp-json\/wp\/v2\/media?parent=83151"}],"wp:term":[{"taxonomy":"category","embeddable":true,"href":"https:\/\/zennihost.com\/test\/wp-json\/wp\/v2\/categories?post=83151"},{"taxonomy":"post_tag","embeddable":true,"href":"https:\/\/zennihost.com\/test\/wp-json\/wp\/v2\/tags?post=83151"}],"curies":[{"name":"wp","href":"https:\/\/api.w.org\/{rel}","templated":true}]}}