{"id":83149,"date":"2026-04-20T19:31:53","date_gmt":"2026-04-20T19:31:53","guid":{"rendered":"https:\/\/zennihost.com\/test\/2026\/04\/20\/zemerim-pas-fotos-se-ushtarit-izraelit-qe-shkaterron-statujen-e-jezusit-ne-liban\/"},"modified":"2026-04-20T19:31:53","modified_gmt":"2026-04-20T19:31:53","slug":"zemerim-pas-fotos-se-ushtarit-izraelit-qe-shkaterron-statujen-e-jezusit-ne-liban","status":"publish","type":"post","link":"https:\/\/zennihost.com\/test\/2026\/04\/20\/zemerim-pas-fotos-se-ushtarit-izraelit-qe-shkaterron-statujen-e-jezusit-ne-liban\/","title":{"rendered":"Zem\u00ebrim pas fotos s\u00eb ushtarit izraelit q\u00eb shkat\u00ebrron statuj\u00ebn e Jezusit n\u00eb Liban"},"content":{"rendered":"<p><span>\u00cbsht\u00eb pasuar nga reagime t\u00eb shumta fotoja e nj\u00eb ushtari izraelit q\u00eb godet nj\u00eb statuj\u00eb t\u00eb Jezusit me nj\u00eb \u00e7eki\u00e7 n\u00eb Libanin jugor. Kryeministri i Izraelit tha se ishte \u201ci tronditur dhe i trishtuar\u201d. Ministri i tij i jasht\u00ebm tha: \u201cNe k\u00ebrkojm\u00eb ndjes\u00eb p\u00ebr k\u00ebt\u00eb incident dhe p\u00ebr \u00e7do t\u00eb krishter\u00eb ndjenjat e t\u00eb cilit u l\u00ebnduan\u201d.<\/span><\/p>\n<p><span>Vendasit thon\u00eb se statuja ishte n\u00eb nj\u00eb kryq jasht\u00eb nj\u00eb sht\u00ebpie familjare n\u00eb periferi t\u00eb Debelit, nj\u00eb nga fshatrat e pakta ku banor\u00ebt kan\u00eb q\u00ebndruar pas nisjes s\u00eb luft\u00ebs s\u00eb Izraelit me Hezbollahun.<\/span><\/p>\n<p><span>Forcat e Mbrojtjes s\u00eb Izraelit (IDF) than\u00eb se e konsiderojn\u00eb incidentin \u201cme shum\u00eb ashp\u00ebrsi dhe theksojn\u00eb se sjellja e ushtarit \u00ebsht\u00eb plot\u00ebsisht n\u00eb kund\u00ebrshtim me vlerat q\u00eb priten nga trupat e tyre\u201d.<\/span><\/p>\n<p><span>Kreu i kongregacionit t\u00eb Debelit, Ati Fadi Flaifel, i tha BBC-s\u00eb: \u201cNe e hedhim posht\u00eb plot\u00ebsisht p\u00ebrdhosjen e kryqit, simbolit ton\u00eb t\u00eb shenjt\u00eb dhe t\u00eb gjitha simboleve fetare. Kjo shkon kund\u00ebr deklarat\u00ebs s\u00eb t\u00eb drejtave t\u00eb njeriut dhe nuk pasqyron qytet\u00ebrim\u201d.<\/span><br \/>\n<span>Ai pretendoi se akte t\u00eb ngjashme kishin ndodhur m\u00eb par\u00eb.<\/span><\/p>\n<p><span>IDF tha se \u201cdo t\u00eb merren masa t\u00eb p\u00ebrshtatshme kund\u00ebr atyre q\u00eb jan\u00eb p\u00ebrfshir\u00eb\u201d dhe se po punonte me komunitetin e krishter\u00eb p\u00ebr t\u00eb \u201crivendosur statuj\u00ebn n\u00eb vendin e saj\u201d.<\/span><\/p>\n<p><span>Ambasadori i SHBA-s\u00eb n\u00eb Izrael, Mike Huckabee, nj\u00eb minist\u00ebr baptist, u p\u00ebrgjigj n\u00eb X se \u201cnevojiten pasoja t\u00eb shpejta, t\u00eb r\u00ebnda dhe publike\u201d.<\/span><\/p>\n<p><span>Mij\u00ebra trupa izraelite vazhdojn\u00eb t\u00eb mbajn\u00eb t\u00eb pushtuara nj\u00eb zon\u00eb t\u00eb gjer\u00eb t\u00eb Libanit jugor pasi nj\u00eb arm\u00ebpushim i nd\u00ebrmjet\u00ebsuar nga SHBA-ja hyri n\u00eb fuqi midis Izraelit dhe Libanit t\u00eb premten. Kjo ndaloi 6 jav\u00eb luftimesh midis IDF-s\u00eb dhe grupit t\u00eb armatosur mysliman shiit Hezbollah, megjith\u00ebse t\u00eb dyja pal\u00ebt kan\u00eb akuzuar nj\u00ebra-tjetr\u00ebn p\u00ebr shkelje.<\/span><\/p>\n<p><span>IDF ka publikuar nj\u00eb hart\u00eb q\u00eb tregon at\u00eb q\u00eb e quan nj\u00eb \u201czon\u00eb mbrojt\u00ebse e p\u00ebrparuar\u201d ku po k\u00ebrkon t\u00eb ruaj\u00eb kontrollin. Ajo thot\u00eb se synon t\u00eb ndaloj\u00eb Hezbollahun t\u00eb q\u00eblloj\u00eb raketa antitank n\u00eb Izraelin verior dhe t\u00eb ndaloj\u00eb operativ\u00ebt e saj nga p\u00ebrpjekjet p\u00ebr ndonj\u00eb sulm nd\u00ebrkufitar.<\/span><\/p>\n<p><span>Hezbollahu filloi t\u00eb hedh\u00eb raketa ndaj Izraelit, n\u00eb mb\u00ebshtetje t\u00eb Iranit, dy dit\u00eb pasi Izraeli dhe SHBA-t\u00eb nis\u00ebn nj\u00eb luft\u00eb kund\u00ebr Teheranit.<\/span><\/p>\n<p><span>Izraeli filloi nj\u00eb fushat\u00eb ushtarake m\u00eb 2 mars, n\u00eb t\u00eb cil\u00ebn m\u00eb shum\u00eb se 1 milion libanez\u00eb jan\u00eb zhvendosur dhe m\u00eb shum\u00eb se 2,290 njer\u00ebz jan\u00eb vrar\u00eb, p\u00ebrfshir\u00eb 177 f\u00ebmij\u00eb dhe 100 punonj\u00ebs t\u00eb kujdesit sh\u00ebndet\u00ebsor, thon\u00eb autoritetet libaneze. 13 ushtar\u00eb izraelit\u00eb dhe 2 civil\u00eb jan\u00eb vrar\u00eb nga sulmet e Hezbollahut n\u00eb t\u00eb nj\u00ebjt\u00ebn periudh\u00eb, thon\u00eb zyrtar\u00ebt izraelit\u00eb.<\/span><\/p>\n<p><span>Harta q\u00eb tregon territorin n\u00ebn pushtimin izraelit n\u00eb Libanin jugor dhe \u201czon\u00ebn e vij\u00ebs mbrojt\u00ebse t\u00eb p\u00ebrparme\u201d t\u00eb shpallur nga Izraeli.<\/span><\/p>\n<p><span>Komentuesit amerikan\u00eb t\u00eb krahut t\u00eb djatht\u00eb nxituan t\u00eb denonconin fotografin\u00eb e ushtarit izraelit dhe statuj\u00ebn e Jezusit. \u201cTmerruese\u201d, shkroi Matt Gaetz, nj\u00eb ish-k\u00ebshilltar i Presidentit Donald Trump dhe ish-kongresmen, nd\u00ebrsa ripostoi fotografin\u00eb.<\/span><\/p>\n<p><span>Ish-kongresmenja amerikane Marjorie Taylor Greene gjithashtu ndau fotografin\u00eb dhe shkroi: \u201cAleati yn\u00eb m\u00eb i madh\u201d q\u00eb merr miliarda dollar\u00eb taksash dhe arm\u00eb \u00e7do vit.\u201d<\/span><br \/>\n<span>Sondazhet tregojn\u00eb se ka pasur nj\u00eb r\u00ebnie t\u00eb mb\u00ebshtetjes p\u00ebr Izraelin n\u00eb SHBA, aleati i saj m\u00eb i r\u00ebnd\u00ebsish\u00ebm. Nj\u00eb studim i koh\u00ebve t\u00eb fundit nga Qendra K\u00ebrkimore Pew, nj\u00eb organizat\u00eb k\u00ebrkimore me seli n\u00eb SHBA, sugjeroi se 60% e t\u00eb rriturve amerikan\u00eb kishin nj\u00eb pik\u00ebpamje t\u00eb pafavorshme p\u00ebr Izraelin, nga 53% vitin e kaluar.<\/span><\/p>\n<p><span>Muajin e kaluar, pati nj\u00eb protest\u00eb nd\u00ebrkomb\u00ebtare pasi policia izraelite pengoi udh\u00ebheq\u00ebsin m\u00eb t\u00eb lart\u00eb katolik romak n\u00eb Jerusalem t\u00eb hynte n\u00eb Kish\u00ebn e Varrit t\u00eb Shenjt\u00eb p\u00ebr nj\u00eb mesh\u00eb private t\u00eb Diel\u00ebn e Palmave. Policia izraelite tha se kjo ishte p\u00ebr shkak t\u00eb shqet\u00ebsimeve t\u00eb siguris\u00eb gjat\u00eb luft\u00ebs s\u00eb Iranit.<\/span><\/p>\n<p><span>Huckabee e quajti at\u00eb episod nj\u00eb \u201ctejkalim t\u00eb pafat q\u00eb tashm\u00eb kishte pasoja t\u00eb m\u00ebdha n\u00eb t\u00eb gjith\u00eb bot\u00ebn\u201d. Me kufizimet izraelite q\u00eb lejonin tubime fetare deri n\u00eb 50 persona n\u00eb at\u00eb koh\u00eb, ai tha se vendimi p\u00ebr t\u2019u mohuar hyrjen udh\u00ebheq\u00ebsve t\u00eb kish\u00ebs ishte \u201ci v\u00ebshtir\u00eb p\u00ebr t\u2019u kuptuar ose justifikuar\u201d.<\/span><\/p>\n<p><span>Nj\u00eb raport i vitit 2025 nga Qendra Rossing, nj\u00eb organizat\u00eb me seli n\u00eb Jerusalem q\u00eb synon t\u00eb nxis\u00eb marr\u00ebdh\u00ebnie m\u00eb t\u00eb mira nd\u00ebrfetare n\u00eb Tok\u00ebn e Shenjt\u00eb, p\u00ebrshkruan nj\u00eb \u201crritje t\u00eb koh\u00ebve t\u00eb fundit t\u00eb armiq\u00ebsis\u00eb s\u00eb hapur ndaj Krishterimit\u201d, duke e konsideruar k\u00ebt\u00eb si \u201cnj\u00eb thellim t\u00eb vazhduesh\u00ebm t\u00eb polarizimit dhe tendencave politike ultranacionaliste\u201d. <strong>\u00a9LAPSI.al<\/strong><\/span><\/p>\n<p>The post <a href=\"https:\/\/lapsi.al\/2026\/04\/20\/zemerim-pas-fotos-se-ushtarit-izraelit-qe-shkaterron-statujen-e-jezusit-ne-liban\/\">Zem\u00ebrim pas fotos s\u00eb ushtarit izraelit q\u00eb shkat\u00ebrron statuj\u00ebn e Jezusit n\u00eb Liban<\/a> appeared first on <a href=\"https:\/\/lapsi.al\/\">Lapsi.al<\/a>.<\/p>","protected":false},"excerpt":{"rendered":"<p>\u00cbsht\u00eb pasuar nga reagime t\u00eb shumta fotoja e nj\u00eb ushtari izraelit q\u00eb godet nj\u00eb statuj\u00eb t\u00eb Jezusit me nj\u00eb \u00e7eki\u00e7 n\u00eb Libanin jugor. Kryeministri i Izraelit tha se ishte \u201ci tronditur dhe i trishtuar\u201d. Ministri i tij i jasht\u00ebm tha: \u201cNe k\u00ebrkojm\u00eb ndjes\u00eb p\u00ebr k\u00ebt\u00eb incident dhe p\u00ebr \u00e7do t\u00eb krishter\u00eb ndjenjat e t\u00eb cilit [&hellip;]<\/p>\n","protected":false},"author":0,"featured_media":0,"comment_status":"open","ping_status":"open","sticky":false,"template":"","format":"standard","meta":{"footnotes":""},"categories":[1],"tags":[],"class_list":["post-83149","post","type-post","status-publish","format-standard","hentry","category-uncategorized"],"_links":{"self":[{"href":"https:\/\/zennihost.com\/test\/wp-json\/wp\/v2\/posts\/83149","targetHints":{"allow":["GET"]}}],"collection":[{"href":"https:\/\/zennihost.com\/test\/wp-json\/wp\/v2\/posts"}],"about":[{"href":"https:\/\/zennihost.com\/test\/wp-json\/wp\/v2\/types\/post"}],"replies":[{"embeddable":true,"href":"https:\/\/zennihost.com\/test\/wp-json\/wp\/v2\/comments?post=83149"}],"version-history":[{"count":0,"href":"https:\/\/zennihost.com\/test\/wp-json\/wp\/v2\/posts\/83149\/revisions"}],"wp:attachment":[{"href":"https:\/\/zennihost.com\/test\/wp-json\/wp\/v2\/media?parent=83149"}],"wp:term":[{"taxonomy":"category","embeddable":true,"href":"https:\/\/zennihost.com\/test\/wp-json\/wp\/v2\/categories?post=83149"},{"taxonomy":"post_tag","embeddable":true,"href":"https:\/\/zennihost.com\/test\/wp-json\/wp\/v2\/tags?post=83149"}],"curies":[{"name":"wp","href":"https:\/\/api.w.org\/{rel}","templated":true}]}}