{"id":83141,"date":"2026-04-20T17:59:40","date_gmt":"2026-04-20T17:59:40","guid":{"rendered":"https:\/\/zennihost.com\/test\/2026\/04\/20\/musiala-eshte-gjerman-por-nuk-e-kupton-pyetjen-ceshte-nje-meisterschafts-fazit\/"},"modified":"2026-04-20T17:59:40","modified_gmt":"2026-04-20T17:59:40","slug":"musiala-eshte-gjerman-por-nuk-e-kupton-pyetjen-ceshte-nje-meisterschafts-fazit","status":"publish","type":"post","link":"https:\/\/zennihost.com\/test\/2026\/04\/20\/musiala-eshte-gjerman-por-nuk-e-kupton-pyetjen-ceshte-nje-meisterschafts-fazit\/","title":{"rendered":"Musiala \u00ebsht\u00eb gjerman por nuk e kupton pyetjen: \u201c\u00c7\u2019\u00ebsht\u00eb nj\u00eb Meisterschafts-Fazit?\u201d"},"content":{"rendered":"<p>Bayern Munich ka fituar kampionatin gjerman me fitoren 4-2 ndaj Stuttgart. Lufta p\u00ebr titull nuk ka ekzistuar kurr\u00eb, tani ka ardhur edhe matematika q\u00eb ka dh\u00ebn\u00eb startin p\u00ebr fest\u00ebn e madhe p\u00ebr titullin e 35-t\u00eb q\u00eb \u00ebsht\u00eb edhe i tremb\u00ebdhjeti n\u00eb kat\u00ebrmb\u00ebdhjet\u00eb vitet e fundit. Pas p\u00ebrfundimit t\u00eb ndeshjes erdhi momenti i festimeve. Protagonist ishte edhe Jamal Musiala, i cili p\u00ebrfundoi n\u00eb qend\u00ebr t\u00eb polemikave klasike p\u00ebr faktin se nuk kuptoi nj\u00eb shprehje q\u00eb iu drejtua gjat\u00eb nj\u00eb interviste. Nuk e kuptoi n\u00eb gjermanisht, por n\u00eb anglisht po, dhe m\u00eb shum\u00eb se nj\u00eb person e vuri n\u00eb sh\u00ebnjest\u00ebr duke e akuzuar se nuk njeh gjermanishten, nj\u00eb akuz\u00eb e fort\u00eb q\u00eb vjen edhe si pasoj\u00eb e polemikave t\u00eb m\u00ebparshme. Musiala ka lindur n\u00eb Angli dhe vet\u00ebm pak vite m\u00eb par\u00eb vendosi t\u00eb luaj\u00eb p\u00ebr Gjermanin\u00eb.<\/p>\n<h4><strong>Intervista e Musiala pas fitores s\u00eb Bundeslig\u00ebs<\/strong><\/h4>\n<p>Musiala, mes lojtar\u00ebve kryesor\u00eb, ishte ai q\u00eb pati ndikimin m\u00eb t\u00eb madh n\u00eb k\u00ebt\u00eb Bundeslig\u00eb t\u00eb fituar, pavar\u00ebsisht nj\u00eb d\u00ebmtimi shum\u00eb t\u00eb r\u00ebnd\u00eb q\u00eb e mbajti larg fushave p\u00ebr nj\u00eb koh\u00eb t\u00eb gjat\u00eb. N\u00eb fundin e sezonit u b\u00eb s\u00ebrish i ndjesh\u00ebm, por pesha e tij mbetet e madhe duke qen\u00eb talenti m\u00eb i madh i futbollit gjerman. I k\u00ebrkuar shum\u00eb nga televizionet, ai u intervistua menj\u00ebher\u00eb pas ndeshjes dhe gjat\u00eb nj\u00eb interviste p\u00ebrjetoi nj\u00eb moment v\u00ebshtir\u00ebsie, i kuptuesh\u00ebm p\u00ebr shum\u00eb arsye, por q\u00eb solli polemika.<\/p>\n<p>Gazetari i k\u00ebrkon t\u00eb b\u00ebj\u00eb nj\u00eb p\u00ebrmbledhje t\u00eb kampionatit duke p\u00ebrdorur shprehjen: \u201cMeisterschafts-Fazit\u201d. Musiala p\u00ebrgjigjet automatikisht duke th\u00ebn\u00eb: \u201cP\u00ebr ne ky \u00ebsht\u00eb nj\u00eb moment fantastik\u201d. M\u00eb pas lojtari ndalet duke pyetur se \u00e7far\u00eb do t\u00eb thot\u00eb ajo shprehje: \u201c\u00c7far\u00eb the? Nj\u00eb kampion? \u00c7far\u00eb \u00ebsht\u00eb? \u00c7far\u00eb do t\u00eb thot\u00eb?\u201d. Gazetari nuk l\u00ebviz dhe ia p\u00ebrkthen n\u00eb anglisht duke p\u00ebrdorur fjal\u00ebn \u201csummary\u201d, pra iu k\u00ebrkua t\u00eb b\u00ebnte nj\u00eb p\u00ebrmbledhje t\u00eb sezonit.<\/p>\n<p>sein pr training hat autopilot gemacht bevor er \u00fcberhaupt wusste was er eigentlich gefragt wurde LMAO <a href=\"https:\/\/t.co\/yd3oMW4HaY\">pic.twitter.com\/yd3oMW4HaY<\/a><\/p>\n<p>\u2014 MEISTERRR (@yutanat0r) <a href=\"https:\/\/twitter.com\/yutanat0r\/status\/2045943964679782618?ref_src=twsrc%5Etfw\">April 19, 2026<\/a><\/p>\n\n<h4><strong>Polemikat rreth p\u00ebrgjigjes s\u00eb Musiala<\/strong><\/h4>\n<p>Musiala e kupton dhe vazhdon pa probleme. Fatkeq\u00ebsisht p\u00ebr t\u00eb, ai moment u pa, u komentua dhe u shp\u00ebrnda n\u00eb rrjetet sociale q\u00eb e vun\u00eb n\u00eb sh\u00ebnjest\u00ebr. K\u00ebt\u00eb e b\u00ebn\u00eb duke rikujtuar, ose m\u00eb mir\u00eb duke theksuar, origjin\u00ebn e tij. Lojtari ka lindur n\u00eb Stuttgart, nga n\u00ebn\u00eb gjermane dhe baba nigerian, por n\u00eb mosh\u00ebn 7-vje\u00e7are u transferua n\u00eb Angli, ku jetoi deri n\u00eb vitin 2019 kur firmosi p\u00ebr Bayern.<\/p>\n<p>Gjermanishtja \u00ebsht\u00eb padyshim nj\u00eb gjuh\u00eb e v\u00ebshtir\u00eb, ai e flet, por n\u00eb at\u00eb moment pati nj\u00eb v\u00ebshtir\u00ebsi q\u00eb e kaloi me nj\u00eb buz\u00ebqeshje. Megjithat\u00eb rrjetet sociale e vun\u00eb n\u00eb sh\u00ebnjest\u00ebr duke theksuar v\u00ebshtir\u00ebsit\u00eb e Musiala me k\u00ebt\u00eb gjuh\u00eb. Ka pasur nga ata q\u00eb e kan\u00eb thumbuar me keqdashje. M\u00eb shum\u00eb se nj\u00eb \u00ebsht\u00eb pyetur n\u00ebse ai flet gjermanisht? Komente t\u00eb sh\u00ebmtuara dhe t\u00eb padrejta p\u00ebr nj\u00eb djal\u00eb q\u00eb n\u00eb at\u00eb moment donte vet\u00ebm t\u00eb festonte kampionatin e fituar, nj\u00eb tjet\u00ebr n\u00eb radh\u00eb.<\/p>\n<p>The post <a href=\"https:\/\/lapsi.al\/2026\/04\/20\/musiala-eshte-gjerman-por-nuk-e-kupton-pyetjen-ceshte-nje-meisterschafts-fazit\/\">Musiala \u00ebsht\u00eb gjerman por nuk e kupton pyetjen: \u201c\u00c7\u2019\u00ebsht\u00eb nj\u00eb Meisterschafts-Fazit?\u201d<\/a> appeared first on <a href=\"https:\/\/lapsi.al\/\">Lapsi.al<\/a>.<\/p>","protected":false},"excerpt":{"rendered":"<p>Bayern Munich ka fituar kampionatin gjerman me fitoren 4-2 ndaj Stuttgart. Lufta p\u00ebr titull nuk ka ekzistuar kurr\u00eb, tani ka ardhur edhe matematika q\u00eb ka dh\u00ebn\u00eb startin p\u00ebr fest\u00ebn e madhe p\u00ebr titullin e 35-t\u00eb q\u00eb \u00ebsht\u00eb edhe i tremb\u00ebdhjeti n\u00eb kat\u00ebrmb\u00ebdhjet\u00eb vitet e fundit. Pas p\u00ebrfundimit t\u00eb ndeshjes erdhi momenti i festimeve. Protagonist ishte [&hellip;]<\/p>\n","protected":false},"author":0,"featured_media":0,"comment_status":"open","ping_status":"open","sticky":false,"template":"","format":"standard","meta":{"footnotes":""},"categories":[1],"tags":[],"class_list":["post-83141","post","type-post","status-publish","format-standard","hentry","category-uncategorized"],"_links":{"self":[{"href":"https:\/\/zennihost.com\/test\/wp-json\/wp\/v2\/posts\/83141","targetHints":{"allow":["GET"]}}],"collection":[{"href":"https:\/\/zennihost.com\/test\/wp-json\/wp\/v2\/posts"}],"about":[{"href":"https:\/\/zennihost.com\/test\/wp-json\/wp\/v2\/types\/post"}],"replies":[{"embeddable":true,"href":"https:\/\/zennihost.com\/test\/wp-json\/wp\/v2\/comments?post=83141"}],"version-history":[{"count":0,"href":"https:\/\/zennihost.com\/test\/wp-json\/wp\/v2\/posts\/83141\/revisions"}],"wp:attachment":[{"href":"https:\/\/zennihost.com\/test\/wp-json\/wp\/v2\/media?parent=83141"}],"wp:term":[{"taxonomy":"category","embeddable":true,"href":"https:\/\/zennihost.com\/test\/wp-json\/wp\/v2\/categories?post=83141"},{"taxonomy":"post_tag","embeddable":true,"href":"https:\/\/zennihost.com\/test\/wp-json\/wp\/v2\/tags?post=83141"}],"curies":[{"name":"wp","href":"https:\/\/api.w.org\/{rel}","templated":true}]}}