{"id":83140,"date":"2026-04-20T18:12:15","date_gmt":"2026-04-20T18:12:15","guid":{"rendered":"https:\/\/zennihost.com\/test\/2026\/04\/20\/gruaja-e-manninger-emily-gjen-forca-te-thote-lamtumire-nuk-kam-zgjedhje-tjeter\/"},"modified":"2026-04-20T18:12:15","modified_gmt":"2026-04-20T18:12:15","slug":"gruaja-e-manninger-emily-gjen-forca-te-thote-lamtumire-nuk-kam-zgjedhje-tjeter","status":"publish","type":"post","link":"https:\/\/zennihost.com\/test\/2026\/04\/20\/gruaja-e-manninger-emily-gjen-forca-te-thote-lamtumire-nuk-kam-zgjedhje-tjeter\/","title":{"rendered":"Gruaja e Manninger, Emily gjen forca t\u00eb thot\u00eb lamtumir\u00eb: \u201cNuk kam zgjedhje tjet\u00ebr\u201d"},"content":{"rendered":"<p>Emily ka pritur disa dit\u00eb pas lajmit tragjik q\u00eb i ndryshoi jet\u00ebn p\u00ebrgjithmon\u00eb dhe m\u00eb pas i ka besuar nj\u00eb mesazhi n\u00eb Facebook lamtumir\u00ebn p\u00ebr bashk\u00ebshortin e saj t\u00eb dashur Alex Manninger, i cili vdiq tragjikisht n\u00eb mosh\u00ebn 48-vje\u00e7are n\u00eb nj\u00eb aksident q\u00eb p\u00ebrfshiu makin\u00ebn e tij dhe nj\u00eb tren n\u00eb l\u00ebvizje, i ndodhur pran\u00eb Salzburgut, ku ish-portieri i Juventusit, Fiorentin\u00ebs dhe Sien\u00ebs, si dhe i komb\u00ebtares austriake, jetonte me familjen.<\/p>\n<p>\u201cAlex, nuk arrij t\u00eb shpreh dhimbjen e paimagjinueshme q\u00eb po ndjej \u2013 nis Emily \u2013 Ne nuk jemi tipi i familjes q\u00eb ndan publikisht nj\u00eb dhimbje kaq t\u00eb madhe, por nuk kam zgjedhje tjet\u00ebr, sepse vala e madhe e dashuris\u00eb q\u00eb po vjen nga e gjith\u00eb bota m\u00eb ka p\u00ebrfshir\u00eb. Mendoj se \u00ebsht\u00eb e r\u00ebnd\u00ebsishme t\u00eb tregoj \u00e7far\u00eb lloj njeriu ishe n\u00eb sht\u00ebpi, p\u00ebrve\u00e7 njeriut shum\u00eb t\u00eb admiruar q\u00eb ishe n\u00eb fush\u00eb. Sot jam ulur n\u00eb sht\u00ebpi me familjen ton\u00eb, duke u p\u00ebrpjekur t\u00eb kuptoj si kjo \u00ebsht\u00eb b\u00ebr\u00eb realiteti yn\u00eb. Gjetja e fjal\u00ebve p\u00ebr t\u00eb p\u00ebrshkruar tragjedin\u00eb ekstreme q\u00eb po p\u00ebrjetojm\u00eb si familje \u00ebsht\u00eb jasht\u00ebzakonisht e v\u00ebshtir\u00eb, n\u00eb mos e pamundur. Prandaj m\u00eb lejo t\u00eb p\u00ebrpiqem\u201d.<\/p>\n\n<h4>Lexo m\u00eb tej:\u00a0<a href=\"https:\/\/lapsi.al\/2026\/04\/16\/manninger-ish-portieri-i-juves-humb-jeten-e-merr-perpara-treni-shkaqet-te-paqarta\/\">Manninger, ish-portieri i Juves, humb jet\u00ebn: e merr p\u00ebrpara treni, shkaqet t\u00eb paqarta<\/a><\/h4>\n<p>T\u00eb enjten e kaluar, n\u00eb nj\u00eb kalim hekurudhor pa barriera, u nd\u00ebrpre jo vet\u00ebm jeta e Manninger, por u shkat\u00ebrrua i gjith\u00eb bota e t\u00eb af\u00ebrmve t\u00eb tij. Nj\u00eb bot\u00eb n\u00eb qend\u00ebr t\u00eb s\u00eb cil\u00ebs nuk ishte vet\u00ebm Emily, por edhe dy djemt\u00eb, t\u00eb cil\u00ebt tani p\u00ebrfaq\u00ebsojn\u00eb prioritetin absolut q\u00eb e detyron vejush\u00ebn t\u00eb gjej\u00eb forc\u00ebn p\u00ebr t\u00eb vazhduar: \u201cAlex, faleminderit p\u00ebr dy djemt\u00eb tan\u00eb, Alexander dhe Nicolas. Ata jan\u00eb zemra dhe shpirti im. Shpesh flisnim p\u00ebr m\u00ebnyr\u00ebn se si gjith\u00e7ka kishte shkuar pik\u00ebrisht si\u00e7 e kishe planifikuar. Doje f\u00ebmij\u00eb me gjith\u00eb shpirt, por doje t\u2019i kishe pas karrier\u00ebs, kur e dije se do t\u00eb kishe koh\u00ebn p\u00ebr t\u2019u kushtuar atyre\u201d.<\/p>\n<p>\u201cDhe kjo \u00ebsht\u00eb pik\u00ebrisht ajo q\u00eb b\u00ebre. Alex, ishe babai m\u00eb i jasht\u00ebzakonsh\u00ebm p\u00ebr djemt\u00eb, ata t\u00eb adhuronin fjal\u00eb p\u00ebr fjal\u00eb. T\u00eb isha gruaja jote ishte vendi ku i p\u00ebrkisja. Nuk ishe vet\u00ebm burri im, ishe shoku im m\u00eb i mir\u00eb. N\u00ebse kishim nevoj\u00eb p\u00ebr di\u00e7ka, mund t\u00eb mb\u00ebshtetesha gjithmon\u00eb te ti\u201d.<\/p>\n<p>Kujtimi i Emily kthehet n\u00eb nj\u00eb dhimbje t\u00eb thell\u00eb p\u00ebr di\u00e7ka q\u00eb \u00ebsht\u00eb humbur p\u00ebrgjithmon\u00eb, nj\u00eb mori gj\u00ebrash bukuria e t\u00eb cilave mezi p\u00ebr\u00e7ohet nga fjal\u00ebt e saj: \u201cKishim nj\u00eb jet\u00eb perfekte. B\u00ebnim shum\u00eb gj\u00ebra s\u00eb bashku: sh\u00ebtitje, t\u00eb shkonim n\u00eb liqen n\u00eb ver\u00eb me vark\u00eb, paddleboarding, t\u00eb luanim me zare, ekskursione, ski, t\u00eb luanim golf dhe t\u00eb q\u00ebndronim n\u00eb hotele t\u00eb bukura n\u00eb mal me djemt\u00eb. Lista \u00ebsht\u00eb e pafund. Salzburgu \u00ebsht\u00eb sht\u00ebpia jon\u00eb. Ndihem kaq me fat q\u00eb jetoj n\u00eb nj\u00eb vend kaq t\u00eb bukur dhe t\u00eb sigurt me f\u00ebmij\u00ebt tan\u00eb, k\u00ebshtu q\u00eb t\u00eb fal\u00ebnderoj q\u00eb i dhe gjith\u00eb familjes son\u00eb k\u00ebt\u00eb jet\u00eb. E di sa shum\u00eb na doje, mua dhe djemt\u00eb tan\u00eb. Ne t\u00eb adhuronim, Lexx, dhe familjet tona ishin kaq t\u00eb lumtura p\u00ebr ne\u201d.<\/p>\n<p>Everyone at Arsenal is shocked and deeply saddened by the tragic passing of former goalkeeper, Alex Manninger.<\/p>\n<p>All our thoughts are with his family and loved ones at this incredibly sad time.<\/p>\n<p>Rest in peace, Alex  <a href=\"https:\/\/t.co\/b4i7jjjLQl\">pic.twitter.com\/b4i7jjjLQl<\/a><\/p>\n<p>\u2014 Arsenal (@Arsenal) <a href=\"https:\/\/twitter.com\/Arsenal\/status\/2044778870914892056?ref_src=twsrc%5Etfw\">April 16, 2026<\/a><\/p>\n\n<h4>Lexo m\u00eb tej:\u00a0<a href=\"https:\/\/lapsi.al\/2026\/04\/17\/manninger-dhe-dyshimet-mbi-aksidentin-fatal-e-njihte-mire-ate-kalim-te-pambrojtur\/\">Manninger dhe dyshimet mbi aksidentin fatal: e njihte mir\u00eb at\u00eb kalim t\u00eb pambrojtur<\/a><\/h4>\n<p>\u201cKishe nj\u00eb rreth t\u00eb vog\u00ebl miqsh t\u00eb v\u00ebrtet\u00eb dhe besnik\u00eb, dhe kjo pasqyronte karakterin t\u00ebnd \u2013 vazhdon gruaja e Manninger \u2013 K\u00ebta miq po m\u00eb mb\u00ebshtesin tani dhe ndiej nj\u00eb ngush\u00ebllim t\u00eb madh prej tyre. Ke pasur nj\u00eb ndikim t\u00eb madh tek shum\u00eb njer\u00ebz q\u00eb ke takuar. Ishe jasht\u00ebzakonisht i respektuesh\u00ebm, i qet\u00eb, i sinqert\u00eb, i organizuar, i vendosur, i mir\u00eb, i sjellsh\u00ebm dhe besnik. Ishe shum\u00eb i kulturuar dhe flisje disa gjuh\u00eb, p\u00ebrfshir\u00eb \u2018scouse\u2019 (dialekti karakteristik i Liverpoolit, ku Alex luajti vitin e fundit t\u00eb karrier\u00ebs, sh\u00ebn. red.). Ke udh\u00ebtuar shum\u00eb, ishe me p\u00ebrvoj\u00eb dhe i arsyesh\u00ebm. P\u00ebr mua ishe shum\u00eb interesant dhe shum\u00eb njer\u00ebz t\u00eb tjer\u00eb thjesht donin t\u00eb uleshin e t\u00eb bisedonin me ty. Ishe nj\u00eb djal\u00eb i mrekulluesh\u00ebm p\u00ebr n\u00ebn\u00ebn t\u00ebnde t\u00eb dashur\u201d.<\/p>\n<p>Emily p\u00ebrpiqet t\u00eb gjej\u00eb nj\u00eb kuptim n\u00eb gjith\u00eb k\u00ebt\u00eb, por \u00ebsht\u00eb shum\u00eb e v\u00ebshtir\u00eb: \u201cMarrja e k\u00ebtij lajmi m\u00eb ka shkat\u00ebrruar si person dhe ka shkat\u00ebrruar familjen ton\u00eb. Tani duhet t\u00eb jem e fort\u00eb p\u00ebr ty dhe p\u00ebr f\u00ebmij\u00ebt tan\u00eb. Nuk mendoj se familja jon\u00eb e meritonte gjith\u00eb k\u00ebt\u00eb, por besoj se ka nj\u00eb Zot atje lart dhe ai t\u00eb ka mir\u00ebpritur pran\u00eb babait t\u00ebnd. Kujtdo q\u00eb ka arritur t\u00eb lexoj\u00eb sa m\u00eb sip\u00ebr, ju lutem: lutuni p\u00ebr f\u00ebmij\u00ebt e mi. Derisa t\u00eb shihemi p\u00ebrs\u00ebri, faleminderit Lexx. Do t\u00eb t\u00eb dua p\u00ebrgjithmon\u00eb. \u2018Vajza jote\u2019 Emily\u201d.<\/p>\n<p>The post <a href=\"https:\/\/lapsi.al\/2026\/04\/20\/gruaja-e-manninger-emily-gjen-forca-te-thote-lamtumire-nuk-kam-zgjedhje-tjeter\/\">Gruaja e Manninger, Emily gjen forca t\u00eb thot\u00eb lamtumir\u00eb: \u201cNuk kam zgjedhje tjet\u00ebr\u201d<\/a> appeared first on <a href=\"https:\/\/lapsi.al\/\">Lapsi.al<\/a>.<\/p>","protected":false},"excerpt":{"rendered":"<p>Emily ka pritur disa dit\u00eb pas lajmit tragjik q\u00eb i ndryshoi jet\u00ebn p\u00ebrgjithmon\u00eb dhe m\u00eb pas i ka besuar nj\u00eb mesazhi n\u00eb Facebook lamtumir\u00ebn p\u00ebr bashk\u00ebshortin e saj t\u00eb dashur Alex Manninger, i cili vdiq tragjikisht n\u00eb mosh\u00ebn 48-vje\u00e7are n\u00eb nj\u00eb aksident q\u00eb p\u00ebrfshiu makin\u00ebn e tij dhe nj\u00eb tren n\u00eb l\u00ebvizje, i ndodhur pran\u00eb [&hellip;]<\/p>\n","protected":false},"author":0,"featured_media":0,"comment_status":"open","ping_status":"open","sticky":false,"template":"","format":"standard","meta":{"footnotes":""},"categories":[1],"tags":[],"class_list":["post-83140","post","type-post","status-publish","format-standard","hentry","category-uncategorized"],"_links":{"self":[{"href":"https:\/\/zennihost.com\/test\/wp-json\/wp\/v2\/posts\/83140","targetHints":{"allow":["GET"]}}],"collection":[{"href":"https:\/\/zennihost.com\/test\/wp-json\/wp\/v2\/posts"}],"about":[{"href":"https:\/\/zennihost.com\/test\/wp-json\/wp\/v2\/types\/post"}],"replies":[{"embeddable":true,"href":"https:\/\/zennihost.com\/test\/wp-json\/wp\/v2\/comments?post=83140"}],"version-history":[{"count":0,"href":"https:\/\/zennihost.com\/test\/wp-json\/wp\/v2\/posts\/83140\/revisions"}],"wp:attachment":[{"href":"https:\/\/zennihost.com\/test\/wp-json\/wp\/v2\/media?parent=83140"}],"wp:term":[{"taxonomy":"category","embeddable":true,"href":"https:\/\/zennihost.com\/test\/wp-json\/wp\/v2\/categories?post=83140"},{"taxonomy":"post_tag","embeddable":true,"href":"https:\/\/zennihost.com\/test\/wp-json\/wp\/v2\/tags?post=83140"}],"curies":[{"name":"wp","href":"https:\/\/api.w.org\/{rel}","templated":true}]}}