{"id":83137,"date":"2026-04-20T18:20:16","date_gmt":"2026-04-20T18:20:16","guid":{"rendered":"https:\/\/zennihost.com\/test\/2026\/04\/20\/berisha-skender-balluku-me-vetedije-helmoi-protestuesit\/"},"modified":"2026-04-20T18:20:16","modified_gmt":"2026-04-20T18:20:16","slug":"berisha-skender-balluku-me-vetedije-helmoi-protestuesit","status":"publish","type":"post","link":"https:\/\/zennihost.com\/test\/2026\/04\/20\/berisha-skender-balluku-me-vetedije-helmoi-protestuesit\/","title":{"rendered":"Berisha: Sk\u00ebnder Balluku me vet\u00ebdije helmoi protestuesit"},"content":{"rendered":"<p>Kreu i Partis\u00eb Demokratike Sali Berisha, teksa ka komentuar n\u00eb foltoren para kryeministris\u00eb protest\u00ebn e s\u00eb premtes, ka deklaruar se edhe n\u00eb bot\u00eb zhv8illohet tubime t\u00eb tilla, madje edhe t\u00eb dhunshme, por sipas tij, qytetar\u00ebt nuk dhunohen nga policia si\u00e7 ndodh n\u00eb Shqip\u00ebri.<\/p>\n<p>Sipas Berish\u00ebs, protesta e s\u00eb premtes, ashtu si edhe t\u00eb tjera, nuk ka pasur asnj\u00eb p\u00ebrdorim force nga protestuesit.<\/p>\n<p>Ai akuzoi kryeministrin Edi Rama, ministrin e Brendsh\u00ebm Besfort Lamallari dhe kryepolicin Sk\u00ebnder Hita, se \u201cme vet\u00ebdije t\u00eb plot\u00eb helmuan qytetar\u00ebt duke hedhur drejt tyre spraj lotsjell\u00ebs.<\/p>\n<p>\u201cPo pse kjo dhun\u00eb e narkopolicis\u00eb? Sepse Edi Rama, Besfort Kimiku, Sk\u00ebnder Balluku, Sokol Bespremi e t\u00eb tjer\u00eb, me vet\u00ebdije t\u00eb plot\u00eb helmuan qytetar\u00ebt t\u00eb kapur nga nj\u00eb frik\u00eb e tmerrshme n\u00eb shpirtin e tyre t\u00eb zi. Ne ishim n\u00eb protest\u00eb dhe po protestonim, k\u00ebrkonim largimin e Edi Ram\u00ebs si armiku m\u00eb i eg\u00ebr i kombit pas Enver Hoxh\u00ebs\u201d, tha ai.<\/p>\n<p>Berisha: N\u00eb bot\u00eb b\u00ebhen protesta, ndodh edhe t\u00eb jen\u00eb t\u00eb dhunshme, dyqane q\u00eb digjen, madje edhe grabiten, por kurr\u00eb nuk jan\u00eb par\u00eb pamje ku protestuesit t\u00eb dhunohen ashtu si\u00e7 u dhunuan shqiptar\u00ebt t\u00eb premten. Dhe sikur t\u00eb mos mjaftoj\u00eb kjo, protesta e s\u00eb premtes, ashtu si edhe t\u00eb tjera, nuk pati asnj\u00eb p\u00ebrdorim dhune, asnj\u00eb ushtrim dhune nga protestuesit paq\u00ebsor\u00eb.<\/p>\n<p>N\u00eb momentin q\u00eb un\u00eb p\u00ebrfundova fjalimin, narkokriminael\u00eb polic\u00eb me uniform\u00eb jan\u00eb l\u00ebshuar si kafsh\u00eb kund\u00ebr protestuesve, jo sikur t\u00eb ishin shqiptar\u00eb apo njer\u00ebz, por sikur t\u00eb ishin hasmi m\u00eb i rreziksh\u00ebm i k\u00ebtij vendi.<\/p>\n<p>Po pse kjo dhun\u00eb e narkopolicis\u00eb? Sepse Edi Rama, Besfort Kimiku, Sk\u00ebnder Balluku, Sokol Bespremi e t\u00eb tjer\u00eb, me vet\u00ebdije t\u00eb plot\u00eb helmuan qytetar\u00ebt t\u00eb kapur nga nj\u00eb frik\u00eb e tmerrshme n\u00eb shpirtin e tyre t\u00eb zi. Ne ishim n\u00eb protest\u00eb dhe po protestonim, k\u00ebrkonim largimin e Edi Ram\u00ebs si armiku m\u00eb i eg\u00ebr i kombit pas Enver Hoxh\u00ebs.<\/p>\n<p>Ne protestonim kund\u00ebr rritjes s\u00eb \u00e7mimit t\u00eb naft\u00ebs, kund\u00ebr fars\u00ebs elektorale, kund\u00ebr rritjes s\u00eb \u00e7mimit, varf\u00ebrimit t\u00eb shqiptar\u00ebve, kund\u00ebr bllokimit t\u00eb drejt\u00ebsis\u00eb nga Edi Rama me 83 mandate p\u00ebr t\u00eb mbrojtur vjedhjet e tij dhe t\u00eb Lubi Ballukut.<\/p>\n<p>Ne ishim n\u00eb protest\u00eb kund\u00ebr pengesave t\u00eb m\u00ebdha t\u00eb integrimit n\u00eb BE, e para her\u00eb q\u00eb kjo \u00ebnd\u00ebrr e shqiptar\u00ebve \u00ebsht\u00eb v\u00ebn\u00eb n\u00eb rrezik t\u00eb till\u00eb nga vjedhjet e Ram\u00ebs dhe Ballukut, q\u00eb nga viti 1991.<\/p>\n<p>The post <a href=\"https:\/\/lapsi.al\/2026\/04\/20\/berisha-skender-balluku-me-vetedije-helmoi-protestuesit\/\">Berisha: Sk\u00ebnder Balluku me vet\u00ebdije helmoi protestuesit<\/a> appeared first on <a href=\"https:\/\/lapsi.al\/\">Lapsi.al<\/a>.<\/p>","protected":false},"excerpt":{"rendered":"<p>Kreu i Partis\u00eb Demokratike Sali Berisha, teksa ka komentuar n\u00eb foltoren para kryeministris\u00eb protest\u00ebn e s\u00eb premtes, ka deklaruar se edhe n\u00eb bot\u00eb zhv8illohet tubime t\u00eb tilla, madje edhe t\u00eb dhunshme, por sipas tij, qytetar\u00ebt nuk dhunohen nga policia si\u00e7 ndodh n\u00eb Shqip\u00ebri. Sipas Berish\u00ebs, protesta e s\u00eb premtes, ashtu si edhe t\u00eb tjera, nuk [&hellip;]<\/p>\n","protected":false},"author":0,"featured_media":0,"comment_status":"open","ping_status":"open","sticky":false,"template":"","format":"standard","meta":{"footnotes":""},"categories":[1],"tags":[],"class_list":["post-83137","post","type-post","status-publish","format-standard","hentry","category-uncategorized"],"_links":{"self":[{"href":"https:\/\/zennihost.com\/test\/wp-json\/wp\/v2\/posts\/83137","targetHints":{"allow":["GET"]}}],"collection":[{"href":"https:\/\/zennihost.com\/test\/wp-json\/wp\/v2\/posts"}],"about":[{"href":"https:\/\/zennihost.com\/test\/wp-json\/wp\/v2\/types\/post"}],"replies":[{"embeddable":true,"href":"https:\/\/zennihost.com\/test\/wp-json\/wp\/v2\/comments?post=83137"}],"version-history":[{"count":0,"href":"https:\/\/zennihost.com\/test\/wp-json\/wp\/v2\/posts\/83137\/revisions"}],"wp:attachment":[{"href":"https:\/\/zennihost.com\/test\/wp-json\/wp\/v2\/media?parent=83137"}],"wp:term":[{"taxonomy":"category","embeddable":true,"href":"https:\/\/zennihost.com\/test\/wp-json\/wp\/v2\/categories?post=83137"},{"taxonomy":"post_tag","embeddable":true,"href":"https:\/\/zennihost.com\/test\/wp-json\/wp\/v2\/tags?post=83137"}],"curies":[{"name":"wp","href":"https:\/\/api.w.org\/{rel}","templated":true}]}}