{"id":83133,"date":"2026-04-20T18:48:19","date_gmt":"2026-04-20T18:48:19","guid":{"rendered":"https:\/\/zennihost.com\/test\/2026\/04\/20\/berisha-reagon-pas-vendimit-te-gjykates-per-te-lene-ne-qeli-5-protestues\/"},"modified":"2026-04-20T18:48:19","modified_gmt":"2026-04-20T18:48:19","slug":"berisha-reagon-pas-vendimit-te-gjykates-per-te-lene-ne-qeli-5-protestues","status":"publish","type":"post","link":"https:\/\/zennihost.com\/test\/2026\/04\/20\/berisha-reagon-pas-vendimit-te-gjykates-per-te-lene-ne-qeli-5-protestues\/","title":{"rendered":"Berisha reagon pas vendimit t\u00eb gjykat\u00ebs p\u00ebr t\u00eb l\u00ebn\u00eb n\u00eb qeli 5 protestues"},"content":{"rendered":"<p>Sali Berisha, ka reaguar pas vendimit t\u00eb gjykat\u00ebs p\u00ebr t\u00eb l\u00ebn\u00eb n\u00eb burg 5 protestues, q\u00eb u arrestuan m\u00eb 17 prill pas trazirave.<\/p>\n<p>\u201cQ\u00ebndruan si luan\u00eb ndaj torturave, mbahen sot n\u00eb burg pa asnj\u00eb prov\u00eb dhe fakt. Ata jan\u00eb nd\u00ebrgjegjja jon\u00eb, frym\u00ebzimi yn\u00eb, lirimi i tyre urgjent nga burgu \u00ebsht\u00eb beteja jon\u00eb. Nj\u00eb p\u00ebrsh\u00ebndetje e p\u00ebrzem\u00ebrt t\u00eb atyre q\u00eb u torturuan n\u00ebp\u00ebr komisariate nga bandit\u00eb me uniform\u00eb\u201d, tha Berisha.<\/p>\n<p>Sot u mbajt n\u00eb Gjykat\u00ebn e Tiran\u00ebs seanca p\u00ebr mas\u00ebn ndaj 11 protestuesve t\u00eb arrestuar n\u00eb protest\u00ebn e PD t\u00eb s\u00eb premtes. Kjo \u00ebsht\u00eb hera e par\u00eb q\u00eb protestuesit lihen n\u00eb arrest me burg, 5 prej tyre, nd\u00ebrsa 6 t\u00eb tjer\u00ebt \u201cdetyrim paraqitjeje\u201d.<\/p>\n<p>N\u00eb burg u lan\u00eb: Klement \u00c7u\u00e7ka, Bujar Tusha, Henri Shapllo, Mirvel Tocilla dhe Semi Bici.<\/p>\n<p>Avokat\u00ebt e tyre k\u00ebrkojn\u00eb q\u00eb masat t\u00eb mos i shqyrtoj\u00eb gjyqtari aktual, Enkel Peza.<\/p>\n<p>Kjo pasi ata pretendojn\u00eb se ai dhe familjar\u00ebt e tij kan\u00eb mbajtur funksione n\u00eb strukturat lokale t\u00eb PS n\u00eb Kavaj\u00eb, por k\u00ebrkesa e tyre u rr\u00ebzua.<\/p>\n<p>1. Kelmend \u00c7u\u00e7ka<br \/>\n2. \u2060Bujar Tusha<br \/>\n3. \u2060Henri Shapllo<br \/>\n4. \u2060Mirvet To\u00e7illa<br \/>\n5. \u2060Sem Bici<\/p>\n<p>1. Igball Domi<br \/>\n2. \u2060Gentian Tuga<br \/>\n3. \u2060Ernest Kapo<br \/>\n4. \u2060Edison Shyti<br \/>\n5. \u2060Bardhyl Ndou<br \/>\n6. \u2060Sokol Bajraktari<\/p>","protected":false},"excerpt":{"rendered":"<p>Sali Berisha, ka reaguar pas vendimit t\u00eb gjykat\u00ebs p\u00ebr t\u00eb l\u00ebn\u00eb n\u00eb burg 5 protestues, q\u00eb u arrestuan m\u00eb 17 prill pas trazirave. \u201cQ\u00ebndruan si luan\u00eb ndaj torturave, mbahen sot n\u00eb burg pa asnj\u00eb prov\u00eb dhe fakt. Ata jan\u00eb nd\u00ebrgjegjja jon\u00eb, frym\u00ebzimi yn\u00eb, lirimi i tyre urgjent nga burgu \u00ebsht\u00eb beteja jon\u00eb. Nj\u00eb p\u00ebrsh\u00ebndetje e [&hellip;]<\/p>\n","protected":false},"author":0,"featured_media":0,"comment_status":"open","ping_status":"open","sticky":false,"template":"","format":"standard","meta":{"footnotes":""},"categories":[1],"tags":[],"class_list":["post-83133","post","type-post","status-publish","format-standard","hentry","category-uncategorized"],"_links":{"self":[{"href":"https:\/\/zennihost.com\/test\/wp-json\/wp\/v2\/posts\/83133","targetHints":{"allow":["GET"]}}],"collection":[{"href":"https:\/\/zennihost.com\/test\/wp-json\/wp\/v2\/posts"}],"about":[{"href":"https:\/\/zennihost.com\/test\/wp-json\/wp\/v2\/types\/post"}],"replies":[{"embeddable":true,"href":"https:\/\/zennihost.com\/test\/wp-json\/wp\/v2\/comments?post=83133"}],"version-history":[{"count":0,"href":"https:\/\/zennihost.com\/test\/wp-json\/wp\/v2\/posts\/83133\/revisions"}],"wp:attachment":[{"href":"https:\/\/zennihost.com\/test\/wp-json\/wp\/v2\/media?parent=83133"}],"wp:term":[{"taxonomy":"category","embeddable":true,"href":"https:\/\/zennihost.com\/test\/wp-json\/wp\/v2\/categories?post=83133"},{"taxonomy":"post_tag","embeddable":true,"href":"https:\/\/zennihost.com\/test\/wp-json\/wp\/v2\/tags?post=83133"}],"curies":[{"name":"wp","href":"https:\/\/api.w.org\/{rel}","templated":true}]}}