{"id":83132,"date":"2026-04-20T17:48:44","date_gmt":"2026-04-20T17:48:44","guid":{"rendered":"https:\/\/zennihost.com\/test\/2026\/04\/20\/protesta-qe-i-flet-te-veteve\/"},"modified":"2026-04-20T17:48:44","modified_gmt":"2026-04-20T17:48:44","slug":"protesta-qe-i-flet-te-veteve","status":"publish","type":"post","link":"https:\/\/zennihost.com\/test\/2026\/04\/20\/protesta-qe-i-flet-te-veteve\/","title":{"rendered":"Protesta q\u00eb i flet t\u00eb vet\u00ebve"},"content":{"rendered":"<p>Nga Roland Lami<\/p>\n<p>N\u00ebse shohim me kujdes at\u00eb q\u00eb po ndodh nga nj\u00eb protest\u00eb n\u00eb tjetr\u00ebn te PD, nj\u00eb gj\u00eb \u00ebsht\u00eb e qart\u00eb, pjes\u00ebmarrja nuk po rritet, por po bie. Kjo nuk \u00ebsht\u00eb thjesht \u00e7\u00ebshtje organizimi apo konteksti por nj\u00eb tregues q\u00eb di\u00e7ka nuk po funksionon n\u00eb m\u00ebnyr\u00ebn si po p\u00ebrdoret protesta si mjet politik.<\/p>\n<p>Retorika e \u201ckilometrit t\u00eb fundit\u201d e artikuluar nga lederi Berisha presupozon nj\u00eb kulm, nj\u00eb rritje t\u00eb presionit dhe mobilizimit por kur n\u00eb terren ndodh e kund\u00ebrta, kjo retorik\u00eb mbetet m\u00eb shum\u00eb nj\u00eb deklarat\u00eb p\u00ebr konsum t\u00eb brendsh\u00ebm sesa nj\u00eb realitet politik p\u00ebr publikun e gjet\u00eb.<\/p>\n<p>Mesa duket protesta nuk po p\u00ebrdoret si instrument p\u00ebr t\u00eb bindur qytetar\u00ebt q\u00eb jan\u00eb jasht\u00eb rrethit t\u00eb PD, por p\u00ebr t\u00eb mbajtur t\u00eb lidhur ata q\u00eb jan\u00eb brenda saj. Pra, nuk kemi m\u00eb nj\u00eb komunikim q\u00eb synon zgjerim, por nj\u00eb komunikim q\u00eb synon konfirmim. Lidershipi i Partis\u00eb Demokratike dhe nj\u00eb grup mb\u00ebshtet\u00ebsish kan\u00eb vendosur mesa duket ti flasin vete ose t\u00eb autosugjestionojn\u00eb veten se jan\u00eb n\u00eb rrug\u00ebn e duhur.<\/p>\n<p>N\u00eb k\u00ebt\u00eb kuad\u00ebr, edhe sjelljet m\u00eb t\u00eb forta apo p\u00ebrplasjet me policin\u00eb marrin nj\u00eb kuptim tjet\u00ebr. Ato nuk jan\u00eb domosdoshm\u00ebrisht t\u00eb orientuara p\u00ebr t\u00eb bindur publikun se policia apo m\u00eb gj\u00ebr\u00eb shteti \u00ebsht\u00eb represiv, por p\u00ebr ti dh\u00ebn\u00eb argument liderit se policia dhe shteti jan\u00eb represiv prandaj sduhet ndalur protesta deri n\u00eb rr\u00ebzimin e regjimit.<\/p>\n<p>Deputet\u00ebt nuk po p\u00ebrpiqen aq shum\u00eb t\u00eb fitojn\u00eb simpatin\u00eb e qytetar\u00ebve t\u00eb pavendosur p\u00ebr tu demostruar atyre degradimin e sistemit duke u viktimizuar sesa t\u00eb d\u00ebshmojn\u00eb se jan\u00eb n\u00eb vij\u00ebn e par\u00eb t\u00eb \u201cluft\u00ebs\u201d n\u00eb syt\u00eb e liderit dhe mb\u00ebshtet\u00ebsve rreth tyre.<\/p>\n<p>Kjo strategji po krijon nj\u00eb rreth t\u00eb mbyllur q\u00eb ushqen vetveten dhe sh\u00ebrben kryesisht p\u00ebr konsum t\u00eb brendsh\u00ebm. Provokohet tension her\u00eb me shkak, her\u00eb pa shum\u00eb shkak, vjen reagimi i policis\u00eb, her\u00eb i arsyesh\u00ebm, her\u00eb i tepruar, dhe m\u00eb pas gjith\u00e7ka p\u00ebrdoret p\u00ebr t\u00eb p\u00ebrforcuar bindjen e brendshme se kemi t\u00eb b\u00ebjm\u00eb me nj\u00eb shtet represiv dhe nj\u00eb opozit\u00eb viktim\u00eb. N\u00eb k\u00ebt\u00eb m\u00ebnyr\u00eb riaktivizohet vazhdimisht motivi p\u00ebr \u201cluft\u00eb pa kompromis\u201d dhe justifikohet protesta si i vetmi mjet p\u00ebr t\u00eb arritur ndryshimin.<\/p>\n<p>Problemi \u00ebsht\u00eb se publiku i gjer\u00eb nuk po e ndjek k\u00ebt\u00eb logjik\u00eb. As sondazhet dhe as pjes\u00ebmarrja konkrete nuk e mb\u00ebshtesin k\u00ebt\u00eb narrativ\u00eb. P\u00ebr shum\u00eb qytetar\u00eb, k\u00ebto skena nuk p\u00ebrkthehen si prova t\u00eb represionit, por si episode t\u00eb nj\u00eb konflikti politik t\u00eb konsumuar dhe shpesh t\u00eb provokuar nga i cili preferojn\u00eb t\u00eb q\u00ebndrojn\u00eb larg. Pik\u00ebrisht p\u00ebr k\u00ebt\u00eb arsye protesta nuk arrin t\u00eb ket\u00eb jehon\u00eb.<\/p>\n<p>Mesa kuptohet kemi nj\u00eb paradoks, protesta vazhdon, por nuk rritet, mesazhi p\u00ebrs\u00ebritet, por nuk bind, tensioni provokohet, por nuk mobilizon. Kjo tregon se problemi nuk q\u00ebndron te mungesa e reagimit t\u00eb qytetar\u00ebve, por te arsyet pse po p\u00ebrdoret ky instrument.<\/p>\n<p>Kur protesta i flet vetes dhe jo publikut, ajo pushon s\u00eb qeni mjet ndryshimi dhe kthehet n\u00eb nj\u00eb ritual q\u00eb vet\u00ebm sa konfirmon at\u00eb q\u00eb tashm\u00eb besohet brenda rrethit. N\u00eb vend q\u00eb t\u00eb sfidoj\u00eb realitetin, ajo p\u00ebrshtatet me t\u00eb, duke u mbyllur n\u00eb nj\u00eb rreth ku mesazhi qarkullon, por nuk dep\u00ebrton. Dhe kur nj\u00eb protest\u00eb nuk arrin t\u00eb dal\u00eb jasht\u00eb vetes, ajo nuk prodhon m\u00eb presion politik, por thjesht zhurm\u00eb q\u00eb d\u00ebgjohet vet\u00ebm nga ata q\u00eb jan\u00eb brenda.<\/p>","protected":false},"excerpt":{"rendered":"<p>Nga Roland Lami N\u00ebse shohim me kujdes at\u00eb q\u00eb po ndodh nga nj\u00eb protest\u00eb n\u00eb tjetr\u00ebn te PD, nj\u00eb gj\u00eb \u00ebsht\u00eb e qart\u00eb, pjes\u00ebmarrja nuk po rritet, por po bie. Kjo nuk \u00ebsht\u00eb thjesht \u00e7\u00ebshtje organizimi apo konteksti por nj\u00eb tregues q\u00eb di\u00e7ka nuk po funksionon n\u00eb m\u00ebnyr\u00ebn si po p\u00ebrdoret protesta si mjet politik. [&hellip;]<\/p>\n","protected":false},"author":0,"featured_media":0,"comment_status":"open","ping_status":"open","sticky":false,"template":"","format":"standard","meta":{"footnotes":""},"categories":[1],"tags":[],"class_list":["post-83132","post","type-post","status-publish","format-standard","hentry","category-uncategorized"],"_links":{"self":[{"href":"https:\/\/zennihost.com\/test\/wp-json\/wp\/v2\/posts\/83132","targetHints":{"allow":["GET"]}}],"collection":[{"href":"https:\/\/zennihost.com\/test\/wp-json\/wp\/v2\/posts"}],"about":[{"href":"https:\/\/zennihost.com\/test\/wp-json\/wp\/v2\/types\/post"}],"replies":[{"embeddable":true,"href":"https:\/\/zennihost.com\/test\/wp-json\/wp\/v2\/comments?post=83132"}],"version-history":[{"count":0,"href":"https:\/\/zennihost.com\/test\/wp-json\/wp\/v2\/posts\/83132\/revisions"}],"wp:attachment":[{"href":"https:\/\/zennihost.com\/test\/wp-json\/wp\/v2\/media?parent=83132"}],"wp:term":[{"taxonomy":"category","embeddable":true,"href":"https:\/\/zennihost.com\/test\/wp-json\/wp\/v2\/categories?post=83132"},{"taxonomy":"post_tag","embeddable":true,"href":"https:\/\/zennihost.com\/test\/wp-json\/wp\/v2\/tags?post=83132"}],"curies":[{"name":"wp","href":"https:\/\/api.w.org\/{rel}","templated":true}]}}