{"id":83131,"date":"2026-04-20T17:48:44","date_gmt":"2026-04-20T17:48:44","guid":{"rendered":"https:\/\/zennihost.com\/test\/2026\/04\/20\/ministri-hoxha-takim-me-zevendeskryeministrin-e-luksemburgut-mbeshtetje-per-integrimin-e-shqiperise-ne-be\/"},"modified":"2026-04-20T17:48:44","modified_gmt":"2026-04-20T17:48:44","slug":"ministri-hoxha-takim-me-zevendeskryeministrin-e-luksemburgut-mbeshtetje-per-integrimin-e-shqiperise-ne-be","status":"publish","type":"post","link":"https:\/\/zennihost.com\/test\/2026\/04\/20\/ministri-hoxha-takim-me-zevendeskryeministrin-e-luksemburgut-mbeshtetje-per-integrimin-e-shqiperise-ne-be\/","title":{"rendered":"Ministri Hoxha takim me Z\u00ebvend\u00ebskryeministrin e Luksemburgut: Mb\u00ebshtetje p\u00ebr integrimin e Shqip\u00ebris\u00eb n\u00eb BE"},"content":{"rendered":"<p>Ministri p\u00ebr Evrop\u00ebn dhe Pun\u00ebt e Jashtme, Ferit Hoxha, zhvilloi nj\u00eb vizit\u00eb zyrtare n\u00eb Luksemburgu, ku u prit nga Z\u00ebvend\u00ebskryeministri dhe Ministri i Pun\u00ebve t\u00eb Jashtme, Xavier Bettel.<br \/>\nGjat\u00eb takimit, dy zyrtar\u00ebt vler\u00ebsuan marr\u00ebdh\u00ebniet shum\u00eb t\u00eb mira mes dy vendeve dhe riafirmuan angazhimin p\u00ebr thellimin e bashk\u00ebpunimit n\u00eb fusha ky\u00e7e, me fokus t\u00eb ve\u00e7ant\u00eb te inovacioni, teknologjia dhe turizmi.<\/p>\n<p>N\u00eb nj\u00eb reagim n\u00eb rrjetin social X, ministri Hoxha theksoi mb\u00ebshtetjen e vazhdueshme dhe t\u00eb vendosur t\u00eb Luksemburgut p\u00ebr procesin e an\u00ebtar\u00ebsimit t\u00eb Shqip\u00ebria n\u00eb Bashkimi Evropian. Nga ana tjet\u00ebr, Bettel konfirmoi angazhimin e tij p\u00ebr perspektiv\u00ebn evropiane t\u00eb Ballkani Per\u00ebndimor.<\/p>\n<p>Ministri Hoxha b\u00ebri t\u00eb ditur se gjat\u00eb bisedimeve u diskutuan edhe hapat e ardhsh\u00ebm t\u00eb negociatave, duke theksuar r\u00ebnd\u00ebsin\u00eb e ruajtjes s\u00eb ritmit t\u00eb procesit t\u00eb zgjerimit p\u00ebrmes nj\u00eb qasjeje t\u00eb besueshme dhe t\u00eb bazuar n\u00eb merit\u00eb.<br \/>\n\u201cDiskutuam gjithashtu hapat e ardhsh\u00ebm t\u00eb negociatave t\u00eb an\u00ebtar\u00ebsimit, duke n\u00ebnvizuar r\u00ebnd\u00ebsin\u00eb e ruajtjes s\u00eb momentit t\u00eb zgjerimit p\u00ebrmes nj\u00eb procesi t\u00eb besuesh\u00ebm, t\u00eb bazuar n\u00eb merit\u00eb dhe t\u00eb orientuar drejt t\u00eb ardhmes son\u00eb t\u00eb p\u00ebrbashk\u00ebt evropiane\u201d, u shpreh Hoxha.<\/p>\n<p>Ai shtoi se Shqip\u00ebria mbetet e p\u00ebrkushtuar p\u00ebr forcimin e m\u00ebtejsh\u00ebm t\u00eb partneritetit me Luksemburgun, nd\u00ebrsa shprehu gatishm\u00ebrin\u00eb p\u00ebr t\u00eb mir\u00ebpritur nj\u00eb vizit\u00eb t\u00eb ardhshme t\u00eb ministrit Bettel n\u00eb vend.<\/p>","protected":false},"excerpt":{"rendered":"<p>Ministri p\u00ebr Evrop\u00ebn dhe Pun\u00ebt e Jashtme, Ferit Hoxha, zhvilloi nj\u00eb vizit\u00eb zyrtare n\u00eb Luksemburgu, ku u prit nga Z\u00ebvend\u00ebskryeministri dhe Ministri i Pun\u00ebve t\u00eb Jashtme, Xavier Bettel. Gjat\u00eb takimit, dy zyrtar\u00ebt vler\u00ebsuan marr\u00ebdh\u00ebniet shum\u00eb t\u00eb mira mes dy vendeve dhe riafirmuan angazhimin p\u00ebr thellimin e bashk\u00ebpunimit n\u00eb fusha ky\u00e7e, me fokus t\u00eb ve\u00e7ant\u00eb te [&hellip;]<\/p>\n","protected":false},"author":0,"featured_media":0,"comment_status":"open","ping_status":"open","sticky":false,"template":"","format":"standard","meta":{"footnotes":""},"categories":[1],"tags":[],"class_list":["post-83131","post","type-post","status-publish","format-standard","hentry","category-uncategorized"],"_links":{"self":[{"href":"https:\/\/zennihost.com\/test\/wp-json\/wp\/v2\/posts\/83131","targetHints":{"allow":["GET"]}}],"collection":[{"href":"https:\/\/zennihost.com\/test\/wp-json\/wp\/v2\/posts"}],"about":[{"href":"https:\/\/zennihost.com\/test\/wp-json\/wp\/v2\/types\/post"}],"replies":[{"embeddable":true,"href":"https:\/\/zennihost.com\/test\/wp-json\/wp\/v2\/comments?post=83131"}],"version-history":[{"count":0,"href":"https:\/\/zennihost.com\/test\/wp-json\/wp\/v2\/posts\/83131\/revisions"}],"wp:attachment":[{"href":"https:\/\/zennihost.com\/test\/wp-json\/wp\/v2\/media?parent=83131"}],"wp:term":[{"taxonomy":"category","embeddable":true,"href":"https:\/\/zennihost.com\/test\/wp-json\/wp\/v2\/categories?post=83131"},{"taxonomy":"post_tag","embeddable":true,"href":"https:\/\/zennihost.com\/test\/wp-json\/wp\/v2\/tags?post=83131"}],"curies":[{"name":"wp","href":"https:\/\/api.w.org\/{rel}","templated":true}]}}