{"id":83130,"date":"2026-04-20T17:48:43","date_gmt":"2026-04-20T17:48:43","guid":{"rendered":"https:\/\/zennihost.com\/test\/2026\/04\/20\/e-bujshme-nga-spanja-armando-broja-i-veteofrohet-barcelones\/"},"modified":"2026-04-20T17:48:43","modified_gmt":"2026-04-20T17:48:43","slug":"e-bujshme-nga-spanja-armando-broja-i-veteofrohet-barcelones","status":"publish","type":"post","link":"https:\/\/zennihost.com\/test\/2026\/04\/20\/e-bujshme-nga-spanja-armando-broja-i-veteofrohet-barcelones\/","title":{"rendered":"E bujshme nga Spanja, Armando Broja i vet\u00ebofrohet Barcelon\u00ebs"},"content":{"rendered":"<p>Edhe pse po kalon nj\u00eb sezon me ulje-ngritje dhe pa shum\u00eb minuta n\u00eb k\u00ebmb\u00eb p\u00ebr shkak t\u00eb l\u00ebndimeve, emri i Armando Broj\u00ebs \u00ebsht\u00eb lidhur me nj\u00eb kalim nga Burnley te Barcelona. \u00cbsht\u00eb media spanjolle \u2018Fichajes.net\u2019 q\u00eb b\u00ebn me dije se emri i sulmuesit shqiptar i \u00ebsht\u00eb ofruar Bar\u00e7\u00ebs si nj\u00eb alternative p\u00ebr t\u00eb forcuar skuadr\u00ebn n\u00eb faz\u00ebn sulmuese.<\/p>\n<p>\u201cDrejtuesve q\u00eb merren me merkaton e Barcelon\u00ebs iu p\u00eblqejn\u00eb l\u00ebvizjet me kosto t\u00eb ul\u00ebt. Situata e tyre ekonomike i detyron ata q\u00eb t\u00eb shohin p\u00ebr mund\u00ebsi t\u00eb tilla si huazime apo n\u00ebnshkrime me kosto t\u00eb ul\u00ebt dhe Armando Broja i p\u00ebrshtatet n\u00eb m\u00ebnyr\u00eb perfekte k\u00ebtij profili\u201d, shkruan media spanjolle.<\/p>\n<p>Barcelona e sheh Armando Broj\u00ebn si nj\u00eb mund\u00ebsi interesante n\u00eb treg. Sulmuesi i Burnleyt \u00ebsht\u00eb ofruar nga nd\u00ebrmjet\u00ebs dhe situata e tij hap der\u00ebn p\u00ebr nj\u00eb negociat\u00eb t\u00eb mundshme. Sulmuesi po k\u00ebrkon nj\u00eb ndryshim pas nj\u00eb sezoni t\u00eb v\u00ebshtir\u00eb t\u00eb mbushur me l\u00ebndime.<\/p>\n<p>Kjo ia ka zvog\u00ebluar koh\u00ebn e loj\u00ebs, por gjithashtu ka leht\u00ebsuar largimin e tij me kushte m\u00eb t\u00eb favorshme. Barcelona beson se Armando Broja mund t\u2019i sjell\u00eb sulmit loj\u00eb fizike, thell\u00ebsi dhe nj\u00eb prani t\u00eb fort\u00eb n\u00eb faz\u00ebn e avancuar. P\u00ebr m\u00eb tep\u00ebr, mb\u00ebrritja e tij nuk do t\u00eb k\u00ebrkonte nj\u00eb shpenzim t\u00eb konsideruesh\u00ebm, duke e b\u00ebr\u00eb at\u00eb nj\u00eb alternativ\u00eb t\u00eb mundshme.<\/p>\n<p>Alexander Sorloth dhe Vedat Muriqi, alternativa t\u00eb tjera<\/p>","protected":false},"excerpt":{"rendered":"<p>Edhe pse po kalon nj\u00eb sezon me ulje-ngritje dhe pa shum\u00eb minuta n\u00eb k\u00ebmb\u00eb p\u00ebr shkak t\u00eb l\u00ebndimeve, emri i Armando Broj\u00ebs \u00ebsht\u00eb lidhur me nj\u00eb kalim nga Burnley te Barcelona. \u00cbsht\u00eb media spanjolle \u2018Fichajes.net\u2019 q\u00eb b\u00ebn me dije se emri i sulmuesit shqiptar i \u00ebsht\u00eb ofruar Bar\u00e7\u00ebs si nj\u00eb alternative p\u00ebr t\u00eb forcuar skuadr\u00ebn [&hellip;]<\/p>\n","protected":false},"author":0,"featured_media":0,"comment_status":"open","ping_status":"open","sticky":false,"template":"","format":"standard","meta":{"footnotes":""},"categories":[1],"tags":[],"class_list":["post-83130","post","type-post","status-publish","format-standard","hentry","category-uncategorized"],"_links":{"self":[{"href":"https:\/\/zennihost.com\/test\/wp-json\/wp\/v2\/posts\/83130","targetHints":{"allow":["GET"]}}],"collection":[{"href":"https:\/\/zennihost.com\/test\/wp-json\/wp\/v2\/posts"}],"about":[{"href":"https:\/\/zennihost.com\/test\/wp-json\/wp\/v2\/types\/post"}],"replies":[{"embeddable":true,"href":"https:\/\/zennihost.com\/test\/wp-json\/wp\/v2\/comments?post=83130"}],"version-history":[{"count":0,"href":"https:\/\/zennihost.com\/test\/wp-json\/wp\/v2\/posts\/83130\/revisions"}],"wp:attachment":[{"href":"https:\/\/zennihost.com\/test\/wp-json\/wp\/v2\/media?parent=83130"}],"wp:term":[{"taxonomy":"category","embeddable":true,"href":"https:\/\/zennihost.com\/test\/wp-json\/wp\/v2\/categories?post=83130"},{"taxonomy":"post_tag","embeddable":true,"href":"https:\/\/zennihost.com\/test\/wp-json\/wp\/v2\/tags?post=83130"}],"curies":[{"name":"wp","href":"https:\/\/api.w.org\/{rel}","templated":true}]}}