{"id":83115,"date":"2026-04-20T15:48:20","date_gmt":"2026-04-20T15:48:20","guid":{"rendered":"https:\/\/zennihost.com\/test\/2026\/04\/20\/vizita-e-pare-e-kryenegociatorit-te-republikes-se-kosoves-z-zulfaj-ne-shqiperi-bashkepunim-i-ngushte-per-integrimin-ne-be\/"},"modified":"2026-04-20T15:48:20","modified_gmt":"2026-04-20T15:48:20","slug":"vizita-e-pare-e-kryenegociatorit-te-republikes-se-kosoves-z-zulfaj-ne-shqiperi-bashkepunim-i-ngushte-per-integrimin-ne-be","status":"publish","type":"post","link":"https:\/\/zennihost.com\/test\/2026\/04\/20\/vizita-e-pare-e-kryenegociatorit-te-republikes-se-kosoves-z-zulfaj-ne-shqiperi-bashkepunim-i-ngushte-per-integrimin-ne-be\/","title":{"rendered":"Vizita e par\u00eb e Kryenegociatorit t\u00eb Republik\u00ebs s\u00eb Kosov\u00ebs, z. Zulfaj, n\u00eb Shqip\u00ebri: Bashk\u00ebpunim i ngusht\u00eb p\u00ebr integrimin n\u00eb BE"},"content":{"rendered":"<p>Kryenegociatori i Republik\u00ebs s\u00eb Kosov\u00ebs me Bashkimin Evropian dhe Koordinatori Komb\u00ebtar p\u00ebr Instrumentin p\u00ebr Reforma dhe Rritje, z. Jeton Zulfaj, zhvilloi vizit\u00ebn e tij t\u00eb par\u00eb zyrtare jasht\u00eb vendit n\u00eb Shqip\u00ebri.<\/p>\n<p>Gjat\u00eb vizit\u00ebs, z. Zulfaj zhvilloi nj\u00eb takim kortezie me homologen shqiptare, Ministren e Shtetit dhe Kryenegociatoren p\u00ebr BE-n\u00eb, znj. Majlinda Dhuka, t\u00eb shoq\u00ebruar nga Drejtoresha e P\u00ebrgjithshme e Agjencis\u00eb Shtet\u00ebrore t\u00eb Programimit Strategjik dhe Koordinimit t\u00eb Ndihm\u00ebs (SASPAC), znj. Eridana \u00c7ano.<\/p>\n<p>Z. Zulfaj fal\u00ebnderoi znj. Dhuka-n p\u00ebr pritjen e ngroht\u00eb dhe vler\u00ebsoi arritjet e Shqip\u00ebris\u00eb n\u00eb procesin e integrimit evropian. \u201cRepublika e Kosov\u00ebs g\u00ebzohet p\u00ebr rezultatet tuaja\u201d, deklaroi ai, duke theksuar se bashk\u00ebpunimi nd\u00ebrmjet Kosov\u00ebs dhe Shqip\u00ebris\u00eb \u00ebsht\u00eb i natyrsh\u00ebm dhe i domosdosh\u00ebm.<\/p>\n<p>Prioritet i Kosov\u00ebs mbetet marrja e statusit t\u00eb vendit kandidat dhe hapja e negociatave, ku p\u00ebrvoja e Shqip\u00ebris\u00eb do t\u00eb sh\u00ebrbej\u00eb si udh\u00ebzues p\u00ebr p\u00ebrgatitje dhe p\u00ebrshpejtim t\u00eb procesit.<\/p>\n<p>Znj. Dhuka e mir\u00ebpriti takimin dhe shprehu gatishm\u00ebrin\u00eb e plot\u00eb p\u00ebr t\u00eb ndar\u00eb p\u00ebrvojat teknike dhe institucionale t\u00eb Shqip\u00ebris\u00eb n\u00eb rrug\u00ebn e an\u00ebtar\u00ebsimit n\u00eb BE.<\/p>\n<p>Ajo theksoi r\u00ebnd\u00ebsin\u00eb e p\u00ebrgatitjes n\u00eb koh\u00eb dhe planifikimit t\u00eb mir\u00eb, duke siguruar se Shqip\u00ebria do ta mb\u00ebshtes\u00eb Kosov\u00ebn me t\u00eb gjitha p\u00ebrvojat e saj.<\/p>","protected":false},"excerpt":{"rendered":"<p>Kryenegociatori i Republik\u00ebs s\u00eb Kosov\u00ebs me Bashkimin Evropian dhe Koordinatori Komb\u00ebtar p\u00ebr Instrumentin p\u00ebr Reforma dhe Rritje, z. Jeton Zulfaj, zhvilloi vizit\u00ebn e tij t\u00eb par\u00eb zyrtare jasht\u00eb vendit n\u00eb Shqip\u00ebri. Gjat\u00eb vizit\u00ebs, z. Zulfaj zhvilloi nj\u00eb takim kortezie me homologen shqiptare, Ministren e Shtetit dhe Kryenegociatoren p\u00ebr BE-n\u00eb, znj. Majlinda Dhuka, t\u00eb shoq\u00ebruar nga [&hellip;]<\/p>\n","protected":false},"author":0,"featured_media":0,"comment_status":"open","ping_status":"open","sticky":false,"template":"","format":"standard","meta":{"footnotes":""},"categories":[1],"tags":[],"class_list":["post-83115","post","type-post","status-publish","format-standard","hentry","category-uncategorized"],"_links":{"self":[{"href":"https:\/\/zennihost.com\/test\/wp-json\/wp\/v2\/posts\/83115","targetHints":{"allow":["GET"]}}],"collection":[{"href":"https:\/\/zennihost.com\/test\/wp-json\/wp\/v2\/posts"}],"about":[{"href":"https:\/\/zennihost.com\/test\/wp-json\/wp\/v2\/types\/post"}],"replies":[{"embeddable":true,"href":"https:\/\/zennihost.com\/test\/wp-json\/wp\/v2\/comments?post=83115"}],"version-history":[{"count":0,"href":"https:\/\/zennihost.com\/test\/wp-json\/wp\/v2\/posts\/83115\/revisions"}],"wp:attachment":[{"href":"https:\/\/zennihost.com\/test\/wp-json\/wp\/v2\/media?parent=83115"}],"wp:term":[{"taxonomy":"category","embeddable":true,"href":"https:\/\/zennihost.com\/test\/wp-json\/wp\/v2\/categories?post=83115"},{"taxonomy":"post_tag","embeddable":true,"href":"https:\/\/zennihost.com\/test\/wp-json\/wp\/v2\/tags?post=83115"}],"curies":[{"name":"wp","href":"https:\/\/api.w.org\/{rel}","templated":true}]}}