{"id":83111,"date":"2026-04-20T15:48:19","date_gmt":"2026-04-20T15:48:19","guid":{"rendered":"https:\/\/zennihost.com\/test\/2026\/04\/20\/ministria-e-shendetesise-pretendimet-se-spitali-universitar-i-tiranes-ka-nderprere-sherbimin-jane-te-paverteta\/"},"modified":"2026-04-20T15:48:19","modified_gmt":"2026-04-20T15:48:19","slug":"ministria-e-shendetesise-pretendimet-se-spitali-universitar-i-tiranes-ka-nderprere-sherbimin-jane-te-paverteta","status":"publish","type":"post","link":"https:\/\/zennihost.com\/test\/2026\/04\/20\/ministria-e-shendetesise-pretendimet-se-spitali-universitar-i-tiranes-ka-nderprere-sherbimin-jane-te-paverteta\/","title":{"rendered":"Ministria e Sh\u00ebndet\u00ebsis\u00eb: Pretendimet se Spitali Universitar i Tiran\u00ebs ka nd\u00ebrprer\u00eb sh\u00ebrbimin, jan\u00eb t\u00eb pav\u00ebrteta"},"content":{"rendered":"<p>Pas pretendimeve t\u00eb fundit n\u00eb lidhje me funksionimin e Spitali Universitar i Traum\u00ebs, ka reaguar Ministria e Sh\u00ebndet\u00ebsis\u00eb dhe Mbrojtjes Sociale, duke sqaruar se sh\u00ebrbimet vijojn\u00eb normalisht dhe nuk ka nd\u00ebrprerje t\u00eb aktivitetit.<\/p>\n<p>Sipas ministris\u00eb, procesi i rikonstruksionit n\u00eb ambientet e spitalit po zhvillohet me faza, pik\u00ebrisht p\u00ebr t\u00eb shmangur pengesat n\u00eb trajtimin e pacient\u00ebve. Autoritetet theksojn\u00eb se blloku i urgjenc\u00ebs \u00ebsht\u00eb plot\u00ebsisht funksional dhe i organizuar p\u00ebr t\u00eb p\u00ebrballuar \u00e7do rast.<br \/>\nN\u00eb reagim b\u00ebhet me dije se edhe sh\u00ebrbimi i kirurgjis\u00eb ortopedike vijon pa nd\u00ebrprerje, duke operuar me dy turne, p\u00ebrfshir\u00eb edhe fundjavat, p\u00ebr t\u00eb p\u00ebrballuar fluksin e pacient\u00ebve.<br \/>\nPo ashtu, garantohet se standardet e siguris\u00eb higjieno-sanitare jan\u00eb n\u00eb nivele t\u00eb larta, me monitorim t\u00eb vazhduesh\u00ebm t\u00eb sallave operatore, t\u00eb cilat sipas institucioneve nuk paraqesin rrezik bakterial.<\/p>\n<p>Ministria shton se nuk ka munges\u00eb t\u00eb medikamenteve apo materialeve mjek\u00ebsore, duke siguruar vijim\u00ebsin\u00eb e trajtimit p\u00ebr \u00e7do pacient.<\/p>\n<p>Spitali Universitar i Traum\u00ebs mbetet nj\u00eb nga strukturat kryesore t\u00eb sistemit sh\u00ebndet\u00ebsor n\u00eb vend, i angazhuar p\u00ebr t\u00eb garantuar sh\u00ebrbim cil\u00ebsor dhe p\u00ebr t\u00eb p\u00ebrballuar \u00e7do fluks pacient\u00ebsh.<\/p>","protected":false},"excerpt":{"rendered":"<p>Pas pretendimeve t\u00eb fundit n\u00eb lidhje me funksionimin e Spitali Universitar i Traum\u00ebs, ka reaguar Ministria e Sh\u00ebndet\u00ebsis\u00eb dhe Mbrojtjes Sociale, duke sqaruar se sh\u00ebrbimet vijojn\u00eb normalisht dhe nuk ka nd\u00ebrprerje t\u00eb aktivitetit. Sipas ministris\u00eb, procesi i rikonstruksionit n\u00eb ambientet e spitalit po zhvillohet me faza, pik\u00ebrisht p\u00ebr t\u00eb shmangur pengesat n\u00eb trajtimin e pacient\u00ebve. [&hellip;]<\/p>\n","protected":false},"author":0,"featured_media":0,"comment_status":"open","ping_status":"open","sticky":false,"template":"","format":"standard","meta":{"footnotes":""},"categories":[1],"tags":[],"class_list":["post-83111","post","type-post","status-publish","format-standard","hentry","category-uncategorized"],"_links":{"self":[{"href":"https:\/\/zennihost.com\/test\/wp-json\/wp\/v2\/posts\/83111","targetHints":{"allow":["GET"]}}],"collection":[{"href":"https:\/\/zennihost.com\/test\/wp-json\/wp\/v2\/posts"}],"about":[{"href":"https:\/\/zennihost.com\/test\/wp-json\/wp\/v2\/types\/post"}],"replies":[{"embeddable":true,"href":"https:\/\/zennihost.com\/test\/wp-json\/wp\/v2\/comments?post=83111"}],"version-history":[{"count":0,"href":"https:\/\/zennihost.com\/test\/wp-json\/wp\/v2\/posts\/83111\/revisions"}],"wp:attachment":[{"href":"https:\/\/zennihost.com\/test\/wp-json\/wp\/v2\/media?parent=83111"}],"wp:term":[{"taxonomy":"category","embeddable":true,"href":"https:\/\/zennihost.com\/test\/wp-json\/wp\/v2\/categories?post=83111"},{"taxonomy":"post_tag","embeddable":true,"href":"https:\/\/zennihost.com\/test\/wp-json\/wp\/v2\/tags?post=83111"}],"curies":[{"name":"wp","href":"https:\/\/api.w.org\/{rel}","templated":true}]}}