{"id":83109,"date":"2026-04-20T15:48:17","date_gmt":"2026-04-20T15:48:17","guid":{"rendered":"https:\/\/zennihost.com\/test\/2026\/04\/20\/vendim-i-forte-pas-protestes-se-pd-s-e-5-ne-burg-dhe-6-ne-detyrim-paraqitje-2\/"},"modified":"2026-04-20T15:48:17","modified_gmt":"2026-04-20T15:48:17","slug":"vendim-i-forte-pas-protestes-se-pd-s-e-5-ne-burg-dhe-6-ne-detyrim-paraqitje-2","status":"publish","type":"post","link":"https:\/\/zennihost.com\/test\/2026\/04\/20\/vendim-i-forte-pas-protestes-se-pd-s-e-5-ne-burg-dhe-6-ne-detyrim-paraqitje-2\/","title":{"rendered":"Vendim i fort\u00eb pas protest\u00ebs s\u00eb PD-s \u00eb, 5 n\u00eb burg dhe 6 n\u00eb detyrim paraqitje"},"content":{"rendered":"<p>Sot u mbajt n\u00eb Gjykat\u00ebn e Tiran\u00ebs seanca p\u00ebr mas\u00ebn ndaj 11 protestuesve t\u00eb arrestuar n\u00eb protest\u00ebn e PD t\u00eb s\u00eb premtes.<\/p>\n<p>Kjo \u00ebsht\u00eb hera e par\u00eb q\u00eb protestuesit d\u00ebnohen, ku 5 protestues u d\u00ebnuan me burg, nd\u00ebrsa 6 t\u00eb tjer\u00ebt detyrim paraqitjeje.<\/p>\n<p>N\u00eb burg u lan\u00eb: Klement \u00c7u\u00e7ka, Bujar Tusha, Henri Shapllo, Mirvel Tocilla dhe Semi Bici. Avokat\u00ebt e tyre k\u00ebrkojn\u00eb q\u00eb masat t\u00eb mos i shqyrtoj\u00eb gjyqtari aktual, Enkel Peza.<\/p>\n<p>Kjo pasi ata pretendojn\u00eb se ai dhe familjar\u00ebt e tij kan\u00eb mbajtur funksione n\u00eb strukturat lokale t\u00eb PS n\u00eb Kavaj\u00eb, por k\u00ebrkesa e tyre u rr\u00ebzua.<\/p>\n<p><strong>Arrest me burg:<\/strong><\/p>\n<p>1. Kelmend \u00c7u\u00e7ka<br \/>\n2. \u2060Bujar Tusha<br \/>\n3. \u2060Henri Shapllo<br \/>\n4. \u2060Mirvet To\u00e7illa<br \/>\n5. \u2060Sem Bici<\/p>\n<p><strong>Detyrim paraqitje:<\/strong><\/p>\n<p>1. Igball Domi<br \/>\n2. \u2060Gentian Tuga<br \/>\n3. \u2060Ernest Kapo<br \/>\n4. \u2060Edison Shyti<br \/>\n5. \u2060Bardhyl Ndou<br \/>\n6. \u2060Sokol Bajraktari.<\/p>\n<p><strong>gijotina.com\/<\/strong><\/p>\n<p>The post <a href=\"https:\/\/gijotina.com\/gjykata-12\/\">Vendim i fort\u00eb pas protest\u00ebs s\u00eb PD-s \u00eb, 5 n\u00eb burg dhe 6 n\u00eb detyrim paraqitje<\/a> appeared first on <a href=\"https:\/\/gijotina.com\/\">GIJOTINA<\/a>.<\/p>","protected":false},"excerpt":{"rendered":"<p>Sot u mbajt n\u00eb Gjykat\u00ebn e Tiran\u00ebs seanca p\u00ebr mas\u00ebn ndaj 11 protestuesve t\u00eb arrestuar n\u00eb protest\u00ebn e PD t\u00eb s\u00eb premtes. Kjo \u00ebsht\u00eb hera e par\u00eb q\u00eb protestuesit d\u00ebnohen, ku 5 protestues u d\u00ebnuan me burg, nd\u00ebrsa 6 t\u00eb tjer\u00ebt detyrim paraqitjeje. N\u00eb burg u lan\u00eb: Klement \u00c7u\u00e7ka, Bujar Tusha, Henri Shapllo, Mirvel Tocilla [&hellip;]<\/p>\n","protected":false},"author":0,"featured_media":0,"comment_status":"open","ping_status":"open","sticky":false,"template":"","format":"standard","meta":{"footnotes":""},"categories":[1],"tags":[],"class_list":["post-83109","post","type-post","status-publish","format-standard","hentry","category-uncategorized"],"_links":{"self":[{"href":"https:\/\/zennihost.com\/test\/wp-json\/wp\/v2\/posts\/83109","targetHints":{"allow":["GET"]}}],"collection":[{"href":"https:\/\/zennihost.com\/test\/wp-json\/wp\/v2\/posts"}],"about":[{"href":"https:\/\/zennihost.com\/test\/wp-json\/wp\/v2\/types\/post"}],"replies":[{"embeddable":true,"href":"https:\/\/zennihost.com\/test\/wp-json\/wp\/v2\/comments?post=83109"}],"version-history":[{"count":0,"href":"https:\/\/zennihost.com\/test\/wp-json\/wp\/v2\/posts\/83109\/revisions"}],"wp:attachment":[{"href":"https:\/\/zennihost.com\/test\/wp-json\/wp\/v2\/media?parent=83109"}],"wp:term":[{"taxonomy":"category","embeddable":true,"href":"https:\/\/zennihost.com\/test\/wp-json\/wp\/v2\/categories?post=83109"},{"taxonomy":"post_tag","embeddable":true,"href":"https:\/\/zennihost.com\/test\/wp-json\/wp\/v2\/tags?post=83109"}],"curies":[{"name":"wp","href":"https:\/\/api.w.org\/{rel}","templated":true}]}}