{"id":83107,"date":"2026-04-20T14:19:58","date_gmt":"2026-04-20T14:19:58","guid":{"rendered":"https:\/\/zennihost.com\/test\/2026\/04\/20\/bullgaria-lekund-be-ne-pro-rusi-radev-merr-pushtetin-i-vetem\/"},"modified":"2026-04-20T14:19:58","modified_gmt":"2026-04-20T14:19:58","slug":"bullgaria-lekund-be-ne-pro-rusi-radev-merr-pushtetin-i-vetem","status":"publish","type":"post","link":"https:\/\/zennihost.com\/test\/2026\/04\/20\/bullgaria-lekund-be-ne-pro-rusi-radev-merr-pushtetin-i-vetem\/","title":{"rendered":"Bullgaria l\u00ebkund BE-n\u00eb, pro-rusi Radev merr pushtetin i vet\u00ebm"},"content":{"rendered":"<p class=\"p1\">Ish-presidenti bullgar Rumen Radev, i njohur p\u00ebr q\u00ebndrimet e tij m\u00eb t\u00eb af\u00ebrta me Mosk\u00ebn, ka fituar shumic\u00ebn absolute n\u00eb zgjedhjet parlamentare n\u00eb Bullgari, nj\u00eb rezultat q\u00eb mund t\u2019i jap\u00eb vendit stabilitet politik pas vitesh koalicionesh t\u00eb brishta, por q\u00eb nj\u00ebkoh\u00ebsisht ngre pik\u00ebpyetje p\u00ebr kursin e Sofjes n\u00eb raport me Bashkimin Europian.<\/p>\n<p class=\"p1\">Me num\u00ebrimin e t\u00eb gjitha votave, partia e tij \u201cBullgaria Progresive\u201d mori 44.6% t\u00eb votave, duke siguruar rreth 131 nga 240 vendet n\u00eb parlament. K\u00ebto ishin zgjedhjet e teta n\u00eb Bullgari q\u00eb nga viti 2021, kur protestat masive kund\u00ebr korrupsionit rr\u00ebzuan qeverin\u00eb e kryeministrit pro-europian Boyko Borissov. Fitorja e Radevit \u00ebsht\u00eb hera e par\u00eb q\u00eb nga viti 1997 q\u00eb nj\u00eb forc\u00eb e vetme politike merr shumic\u00eb t\u00eb plot\u00eb.<\/p>\n<p class=\"p1\">Partia e majt\u00eb e Radevit doli shum\u00eb p\u00ebrpara rival\u00ebve t\u00eb saj. Partia konservatore GERB e Borissovit mori 13.4%, nd\u00ebrsa koalicioni pro-europian \u201cVazhdojm\u00eb Ndryshimin \u2013 Bullgaria Demokratike\u201d siguroi 12.6% t\u00eb votave.<\/p>\n<p class=\"p1\">Radev, i cili p\u00ebrfitoi nga zem\u00ebrimi i votuesve ndaj korrupsionit t\u00eb rr\u00ebnjosur dhe partive t\u00eb vjetra q\u00eb e kan\u00eb lejuar at\u00eb, e quajti rezultatin \u201cnj\u00eb fitore t\u00eb shpres\u00ebs mbi mosbesimin, t\u00eb liris\u00eb mbi frik\u00ebn dhe, n\u00eb fund, nj\u00eb fitore t\u00eb moralit\u201d. Ai tha se Bullgaria do t\u00eb b\u00ebj\u00eb \u201c\u00e7do p\u00ebrpjekje p\u00ebr t\u00eb ndjekur rrug\u00ebn e saj europiane\u201d, por shtoi gjithashtu se \u201cnj\u00eb Bullgari e fort\u00eb dhe nj\u00eb Europ\u00eb e fort\u00eb kan\u00eb nevoj\u00eb p\u00ebr mendim kritik dhe pragmatiz\u00ebm\u201d, duke l\u00ebn\u00eb t\u00eb kuptohet se do t\u00eb ket\u00eb nj\u00eb qasje m\u00eb t\u00eb ftoht\u00eb ndaj disa politikave t\u00eb BE-s\u00eb.<\/p>\n<p class=\"p1\">Edhe pse ka pranuar p\u00ebrfitimet e an\u00ebtar\u00ebsimit n\u00eb Bashkimin Europian, Radev ka qen\u00eb kritik ndaj disa vendimeve t\u00eb bllokut dhe m\u00eb par\u00eb ka k\u00ebrkuar, pa sukses, nj\u00eb referendum p\u00ebr vendimin e Bullgaris\u00eb p\u00ebr t\u2019iu bashkuar euros vitin e kaluar. Presidenti i K\u00ebshillit Europian, Ant\u00f3nio Costa, reagoi duke th\u00ebn\u00eb se pret t\u00eb punoj\u00eb me Radevin p\u00ebr \u201cnj\u00eb Europ\u00eb t\u00eb begat\u00eb, autonome dhe t\u00eb sigurt\u201d.<\/p>\n<p class=\"p1\">N\u00eb t\u00eb nj\u00ebjt\u00ebn koh\u00eb, Radev ka folur vazhdimisht p\u00ebr nevoj\u00ebn e p\u00ebrmir\u00ebsimit t\u00eb marr\u00ebdh\u00ebnieve me Mosk\u00ebn dhe p\u00ebr rikthimin e furnizimit me naft\u00eb dhe gaz rus drejt Europ\u00ebs, duke k\u00ebrkuar \u201cmarr\u00ebdh\u00ebnie praktike me Rusin\u00eb, t\u00eb bazuara n\u00eb respekt t\u00eb nd\u00ebrsjell\u00eb dhe trajtim t\u00eb barabart\u00eb\u201d. Kremlini e p\u00ebrsh\u00ebndeti menj\u00ebher\u00eb fitoren e tij. Z\u00ebdh\u00ebn\u00ebsi Dmitry Peskov tha se Moska \u00ebsht\u00eb e inkurajuar nga deklaratat e Radevit dhe t\u00eb disa lider\u00ebve t\u00eb tjer\u00eb europian\u00eb p\u00ebr zgjidhjen e \u00e7\u00ebshtjeve p\u00ebrmes dialogut.<\/p>\n<p class=\"p1\">Radev, 62 vje\u00e7, i cili dha dor\u00ebheqjen nga posti kryesisht ceremonial i presidentit n\u00eb janar p\u00ebr t\u00eb hyr\u00eb n\u00eb gar\u00eb me nj\u00eb platform\u00eb kund\u00ebr korrupsionit, ka kritikuar marr\u00ebveshjen e mbrojtjes mes Bullgaris\u00eb dhe Ukrain\u00ebs dhe ka kund\u00ebrshtuar d\u00ebrgimin e arm\u00ebve bullgare n\u00eb Kiev. Megjithat\u00eb, ai \u00ebsht\u00eb zotuar se nuk do t\u00eb p\u00ebrdor\u00eb veton e Bullgaris\u00eb p\u00ebr t\u00eb bllokuar vendime t\u00eb ardhshme t\u00eb BE-s\u00eb dhe analist\u00ebt v\u00ebn\u00eb n\u00eb dukje se ai ka mohuar vazhdimisht se \u00ebsht\u00eb i lidhur me Kremlinin, duke mb\u00ebshtetur n\u00eb parim an\u00ebtar\u00ebsimin n\u00eb BE dhe duke l\u00ebn\u00eb q\u00ebllimisht t\u00eb paqart\u00eb vij\u00ebn e tij n\u00eb politik\u00ebn e jashtme.<\/p>\n<p class=\"p1\">P\u00ebr t\u00eb zbutur frik\u00ebn p\u00ebr nj\u00eb zhvendosje t\u00eb mundshme pro-ruse, nj\u00eb nga bashk\u00ebpun\u00ebtor\u00ebt e tij m\u00eb t\u00eb af\u00ebrt, Slavi Vassilev, deklaroi jav\u00ebn e kaluar se bullgar\u00ebt \u201cnuk duan lidhje m\u00eb t\u00eb af\u00ebrta me Rusin\u00eb\u201d, por duan vazhdim t\u00eb pjes\u00ebmarrjes aktive n\u00eb NATO dhe n\u00eb BE.<\/p>\n<p class=\"p1\">Duke mbajtur nj\u00eb paqart\u00ebsi strategjike ndaj Rusis\u00eb dhe BE-s\u00eb, nd\u00ebrsa e p\u00ebrqendroi fushat\u00ebn te korrupsioni, Radev arriti t\u00eb marr\u00eb vota si nga e djathta ekstreme, ashtu edhe nga GERB. Partia nacionaliste \u201cRilindja\u201d, e njohur p\u00ebr q\u00ebndrimet e saj t\u00eb ashpra, mori vet\u00ebm 4% t\u00eb votave, nd\u00ebrsa GERB regjistroi rezultatin m\u00eb t\u00eb ul\u00ebt n\u00eb historin\u00eb e saj.<\/p>\n<p class=\"p1\">Diplomat\u00eb europian\u00eb kan\u00eb th\u00ebn\u00eb se nuk presin q\u00eb Radev t\u00eb p\u00ebrpiqet t\u00eb z\u00ebvend\u00ebsoj\u00eb rolin q\u00eb Viktor Orb\u00e1n kishte luajtur brenda BE-s\u00eb si lideri kryesor kund\u00ebr Brukselit dhe m\u00eb i af\u00ebrt me Mosk\u00ebn, sidomos pas humbjes s\u00eb Orb\u00e1nit jav\u00ebn e kaluar n\u00eb Hungari.<\/p>\n<p class=\"p1\">Megjithat\u00eb, shumica e Radevit nuk \u00ebsht\u00eb aq e madhe sa p\u00ebr t\u00eb nd\u00ebrmarr\u00eb nj\u00eb reform\u00eb t\u00eb plot\u00eb t\u00eb sistemit gjyq\u00ebsor, q\u00eb k\u00ebrkon 160 vota n\u00eb parlament. Kjo do t\u00eb thot\u00eb se, p\u00ebr ndryshime t\u00eb thella, ai mund t\u00eb ket\u00eb nevoj\u00eb p\u00ebr mb\u00ebshtetjen e koalicionit pro-europian PP-DB, i cili e ka shpallur reform\u00ebn n\u00eb drejt\u00ebsi si prioritetin e tij kryesor.<\/p>\n<p class=\"p1\">Analisti Dimitar Keranov nga German Marshall Fund paralajm\u00ebroi se \u201csistemi i korruptuar mbetet ende aty\u201d dhe se, edhe pse vet\u00eb ideja e stabilitetit \u00ebsht\u00eb e r\u00ebnd\u00ebsishme, \u201cstabiliteti nuk \u00ebsht\u00eb reform\u00eb\u201d. Sipas tij, n\u00eb nj\u00eb sistem t\u00eb dob\u00ebsuar, me drejt\u00ebsi, rregullator\u00eb dhe media t\u00eb kapura, shumica e Radevit mund t\u00eb kthehet n\u00eb nj\u00eb mund\u00ebsi q\u00eb kapja e shtetit t\u00eb p\u00ebrshpejtohet n\u00ebn drejtimin e nj\u00eb lideri q\u00eb \u00ebsht\u00eb produkt i t\u00eb nj\u00ebjtit ambient q\u00eb pretendon se do ta \u00e7montoj\u00eb.<\/p>\n<p class=\"p1\">\u201cNj\u00eb lider i af\u00ebrt me Kremlinin q\u00eb qeveris nj\u00eb vend an\u00ebtar t\u00eb NATO-s dhe BE-s\u00eb n\u00eb Detin e Zi, vet\u00ebm pak dit\u00eb pasi Hungaria votoi kund\u00ebr Orb\u00e1nit, \u00ebsht\u00eb lajm i keq p\u00ebr BE-n\u00eb dhe p\u00ebr Ukrain\u00ebn\u201d, tha ai.<\/p>\n<p class=\"p1\">Pjes\u00ebmarrja n\u00eb votime kaloi 50%, duksh\u00ebm m\u00eb e lart\u00eb se n\u00eb zgjedhjet e fundit. Disa votues u shfaq\u00ebn optimist\u00eb se rezultati mund t\u00eb sjell\u00eb ndryshim pas vitesh korrupsioni dhe qeverish t\u00eb paq\u00ebndrueshme. Por jo t\u00eb gjith\u00eb ndihen t\u00eb qet\u00eb. N\u00eb Sofje, shum\u00eb qytetar\u00eb shpreh\u00ebn frik\u00eb se me Radevin n\u00eb pushtet Bullgaria mund t\u00eb largohet nga modeli europian p\u00ebr t\u00eb cilin kishin shpresuar prej vitesh.<\/p>\n<p>The Guardian, p\u00ebrgatiti n\u00eb shqip <strong>\u00a9LAPSI.AL\u00a0<\/strong><\/p>\n<p>The post <a href=\"https:\/\/lapsi.al\/2026\/04\/20\/bullgaria-lekund-be-ne-pro-rusi-radev-merr-pushtetin-i-vetem\/\">Bullgaria l\u00ebkund BE-n\u00eb, pro-rusi Radev merr pushtetin i vet\u00ebm<\/a> appeared first on <a href=\"https:\/\/lapsi.al\/\">Lapsi.al<\/a>.<\/p>","protected":false},"excerpt":{"rendered":"<p>Ish-presidenti bullgar Rumen Radev, i njohur p\u00ebr q\u00ebndrimet e tij m\u00eb t\u00eb af\u00ebrta me Mosk\u00ebn, ka fituar shumic\u00ebn absolute n\u00eb zgjedhjet parlamentare n\u00eb Bullgari, nj\u00eb rezultat q\u00eb mund t\u2019i jap\u00eb vendit stabilitet politik pas vitesh koalicionesh t\u00eb brishta, por q\u00eb nj\u00ebkoh\u00ebsisht ngre pik\u00ebpyetje p\u00ebr kursin e Sofjes n\u00eb raport me Bashkimin Europian. Me num\u00ebrimin e [&hellip;]<\/p>\n","protected":false},"author":0,"featured_media":0,"comment_status":"open","ping_status":"open","sticky":false,"template":"","format":"standard","meta":{"footnotes":""},"categories":[1],"tags":[],"class_list":["post-83107","post","type-post","status-publish","format-standard","hentry","category-uncategorized"],"_links":{"self":[{"href":"https:\/\/zennihost.com\/test\/wp-json\/wp\/v2\/posts\/83107","targetHints":{"allow":["GET"]}}],"collection":[{"href":"https:\/\/zennihost.com\/test\/wp-json\/wp\/v2\/posts"}],"about":[{"href":"https:\/\/zennihost.com\/test\/wp-json\/wp\/v2\/types\/post"}],"replies":[{"embeddable":true,"href":"https:\/\/zennihost.com\/test\/wp-json\/wp\/v2\/comments?post=83107"}],"version-history":[{"count":0,"href":"https:\/\/zennihost.com\/test\/wp-json\/wp\/v2\/posts\/83107\/revisions"}],"wp:attachment":[{"href":"https:\/\/zennihost.com\/test\/wp-json\/wp\/v2\/media?parent=83107"}],"wp:term":[{"taxonomy":"category","embeddable":true,"href":"https:\/\/zennihost.com\/test\/wp-json\/wp\/v2\/categories?post=83107"},{"taxonomy":"post_tag","embeddable":true,"href":"https:\/\/zennihost.com\/test\/wp-json\/wp\/v2\/tags?post=83107"}],"curies":[{"name":"wp","href":"https:\/\/api.w.org\/{rel}","templated":true}]}}