{"id":83102,"date":"2026-04-20T14:44:57","date_gmt":"2026-04-20T14:44:57","guid":{"rendered":"https:\/\/zennihost.com\/test\/2026\/04\/20\/arrestimet-ne-protesten-e-pd-pese-persona-lihen-ne-burg\/"},"modified":"2026-04-20T14:44:57","modified_gmt":"2026-04-20T14:44:57","slug":"arrestimet-ne-protesten-e-pd-pese-persona-lihen-ne-burg","status":"publish","type":"post","link":"https:\/\/zennihost.com\/test\/2026\/04\/20\/arrestimet-ne-protesten-e-pd-pese-persona-lihen-ne-burg\/","title":{"rendered":"Arrestimet n\u00eb protest\u00ebn e PD, pes\u00eb persona lihen n\u00eb burg"},"content":{"rendered":"<p>11 persona q\u00eb mor\u00ebn pjes\u00eb n\u00eb protest\u00ebn komb\u00ebtare t\u00eb Partis\u00eb Demokratike t\u00eb premten, kan\u00eb dal\u00eb p\u00ebrpara gjykat\u00ebs k\u00ebt\u00eb t\u00eb h\u00ebn\u00eb.<\/p>\n<p>Gjykata penale e Tiran\u00ebs ka caktuar masat e sigurimit p\u00ebr ta, duke l\u00ebn\u00eb n\u00eb arrest me burg 5 prej tyre.<\/p>\n<p>Sakaq, 6 protestuesit e tjer\u00eb q\u00eb u ndaluan jan\u00eb l\u00ebn\u00eb n\u00eb mas\u00ebn e siguris\u00eb \u201cdetyrim paraqitje\u201d.<\/p>\n<p>The post <a href=\"https:\/\/lapsi.al\/2026\/04\/20\/arrestimet-ne-protesten-e-pd-pese-persona-lihen-ne-burg\/\">Arrestimet n\u00eb protest\u00ebn e PD, pes\u00eb persona lihen n\u00eb burg<\/a> appeared first on <a href=\"https:\/\/lapsi.al\/\">Lapsi.al<\/a>.<\/p>","protected":false},"excerpt":{"rendered":"<p>11 persona q\u00eb mor\u00ebn pjes\u00eb n\u00eb protest\u00ebn komb\u00ebtare t\u00eb Partis\u00eb Demokratike t\u00eb premten, kan\u00eb dal\u00eb p\u00ebrpara gjykat\u00ebs k\u00ebt\u00eb t\u00eb h\u00ebn\u00eb. Gjykata penale e Tiran\u00ebs ka caktuar masat e sigurimit p\u00ebr ta, duke l\u00ebn\u00eb n\u00eb arrest me burg 5 prej tyre. Sakaq, 6 protestuesit e tjer\u00eb q\u00eb u ndaluan jan\u00eb l\u00ebn\u00eb n\u00eb mas\u00ebn e siguris\u00eb \u201cdetyrim [&hellip;]<\/p>\n","protected":false},"author":0,"featured_media":0,"comment_status":"open","ping_status":"open","sticky":false,"template":"","format":"standard","meta":{"footnotes":""},"categories":[1],"tags":[],"class_list":["post-83102","post","type-post","status-publish","format-standard","hentry","category-uncategorized"],"_links":{"self":[{"href":"https:\/\/zennihost.com\/test\/wp-json\/wp\/v2\/posts\/83102","targetHints":{"allow":["GET"]}}],"collection":[{"href":"https:\/\/zennihost.com\/test\/wp-json\/wp\/v2\/posts"}],"about":[{"href":"https:\/\/zennihost.com\/test\/wp-json\/wp\/v2\/types\/post"}],"replies":[{"embeddable":true,"href":"https:\/\/zennihost.com\/test\/wp-json\/wp\/v2\/comments?post=83102"}],"version-history":[{"count":0,"href":"https:\/\/zennihost.com\/test\/wp-json\/wp\/v2\/posts\/83102\/revisions"}],"wp:attachment":[{"href":"https:\/\/zennihost.com\/test\/wp-json\/wp\/v2\/media?parent=83102"}],"wp:term":[{"taxonomy":"category","embeddable":true,"href":"https:\/\/zennihost.com\/test\/wp-json\/wp\/v2\/categories?post=83102"},{"taxonomy":"post_tag","embeddable":true,"href":"https:\/\/zennihost.com\/test\/wp-json\/wp\/v2\/tags?post=83102"}],"curies":[{"name":"wp","href":"https:\/\/api.w.org\/{rel}","templated":true}]}}