{"id":83093,"date":"2026-04-20T14:48:12","date_gmt":"2026-04-20T14:48:12","guid":{"rendered":"https:\/\/zennihost.com\/test\/2026\/04\/20\/bashkia-gjirokaster-kallezon-autorin-e-lajmit-per-hiv-aids-vjen-reagimi-i-tij\/"},"modified":"2026-04-20T14:48:12","modified_gmt":"2026-04-20T14:48:12","slug":"bashkia-gjirokaster-kallezon-autorin-e-lajmit-per-hiv-aids-vjen-reagimi-i-tij","status":"publish","type":"post","link":"https:\/\/zennihost.com\/test\/2026\/04\/20\/bashkia-gjirokaster-kallezon-autorin-e-lajmit-per-hiv-aids-vjen-reagimi-i-tij\/","title":{"rendered":"Bashkia Gjirokast\u00ebr kall\u00ebzon autorin e lajmit p\u00ebr HIV\/AIDS, vjen reagimi i tij \u2013"},"content":{"rendered":"<div>\n<p>Bashkia e Gjirokastr\u00ebs ka b\u00ebr\u00eb nj\u00eb kall\u00ebzim ndaj shp\u00ebrndar\u00ebsve t\u00eb lajmit p\u00ebr prekjen me HIV\/AIDS t\u00eb kryebashkiakut Flamur Golemi dhe disa punonj\u00ebsve t\u00eb k\u00ebsaj bashkie. Avokati mbrojt\u00ebs Arben Llangozi ka depozituar m\u00ebngjesin e sot\u00ebm kall\u00ebzimin penal ndaj shtetasit Emin Kokalari q\u00eb p\u00ebrmban 30 faqe ndaj p\u00ebrhapjes s\u00eb panikut n\u00eb qytetin e Gjirokastr\u00ebs.<\/p>\n<p>Nd\u00ebrkoh\u00eb, vet\u00eb Emin Kokalari ka reaguar n\u00eb rrjetet sociale, ku thot\u00eb se n\u00eb asnj\u00eb moment nuk ka akuzuar drejtp\u00ebrdrejt\u00eb njeri, madje as ka publikuar emra. N\u00eb reagimin e tij, ai thot\u00eb se nuk \u00ebsht\u00eb gazetar, por thekson se ka d\u00ebgjuar fjal\u00eb dhe ka ngritur pyetjen n\u00ebse dikush di di\u00e7ka p\u00ebr k\u00ebt\u00eb gj\u00eb, institucionet duhet t\u00eb marrin masa.<\/p>\n<p>\u201cN\u00ebse un\u00eb ndonj\u00ebher\u00eb kam akuzuar njeri drejtp\u00ebrdrejt\u00eb p\u00ebr \u00e7\u00ebshtjen e HIV dhe keni fakte apo kam nxjerr\u00eb publikisht emra apo kam akuzuar persona at\u00ebher\u00eb keni plot\u00ebsisht t\u00eb drejt\u00eb! Por edhe sikur t\u00eb b\u00ebnte vaki (q\u00eb nuk b\u00ebn) sigurisht q\u00eb njer\u00ebz jemi dhe jo perfekt\u00eb (pavar\u00ebsisht se un\u00eb gabime t\u00eb tilla nuk kam b\u00ebr\u00eb) dhe nuk e meritoj k\u00ebt\u00eb llum dhe qelb\u00ebsir\u00eb q\u00eb po ndodh.<\/p>\n<p>Para 2 vjet\u00ebsh n\u00eb vitin 2024 i bie, televizioni publik shqiptar thot\u00eb se n\u00eb rrethin e Gjirokastr\u00ebs ka 17 veta pozitiv me HIV dhe 10 prej k\u00ebtyre jan\u00eb n\u00eb Gjirokast\u00ebr nga moshat 16 deri n\u00eb 65 vje\u00e7. Pra edhe n\u00ebse un\u00eb nuk kam akuzuar ask\u00ebnd asnj\u00ebher\u00eb p\u00ebr k\u00ebt\u00eb \u00e7\u00ebshtje m\u00eb lind e drejta t\u00eb dyshoj dhe t\u00eb mendoj se p\u00ebr dy vjet m\u00eb von\u00eb tashm\u00eb n\u00eb 2026 n\u00ebse nuk jan\u00eb marr\u00eb masat e caktuara nga institucionet apo kujdesi nga personat e infektuar, s\u2019\u00ebsht\u00eb ndonj\u00eb cudi e madhe q\u00eb numri mund t\u00eb jet\u00eb 10 fishuar nga m\u00ebnyra se si ky virus p\u00ebrhapet (marr\u00ebdh\u00ebnie seksuale, gjak (dentist\u00eb etj\u2026)\u201d, shkruan Kokalari.<\/p>\n<p>\u00a0<\/p>\n\n<p><strong>gijotina.com\/<\/strong><\/p>\n<p><!-- CONTENT END 2 --><\/p>\n<\/div>","protected":false},"excerpt":{"rendered":"<p>Bashkia e Gjirokastr\u00ebs ka b\u00ebr\u00eb nj\u00eb kall\u00ebzim ndaj shp\u00ebrndar\u00ebsve t\u00eb lajmit p\u00ebr prekjen me HIV\/AIDS t\u00eb kryebashkiakut Flamur Golemi dhe disa punonj\u00ebsve t\u00eb k\u00ebsaj bashkie. Avokati mbrojt\u00ebs Arben Llangozi ka depozituar m\u00ebngjesin e sot\u00ebm kall\u00ebzimin penal ndaj shtetasit Emin Kokalari q\u00eb p\u00ebrmban 30 faqe ndaj p\u00ebrhapjes s\u00eb panikut n\u00eb qytetin e Gjirokastr\u00ebs. Nd\u00ebrkoh\u00eb, vet\u00eb Emin [&hellip;]<\/p>\n","protected":false},"author":0,"featured_media":0,"comment_status":"open","ping_status":"open","sticky":false,"template":"","format":"standard","meta":{"footnotes":""},"categories":[1],"tags":[],"class_list":["post-83093","post","type-post","status-publish","format-standard","hentry","category-uncategorized"],"_links":{"self":[{"href":"https:\/\/zennihost.com\/test\/wp-json\/wp\/v2\/posts\/83093","targetHints":{"allow":["GET"]}}],"collection":[{"href":"https:\/\/zennihost.com\/test\/wp-json\/wp\/v2\/posts"}],"about":[{"href":"https:\/\/zennihost.com\/test\/wp-json\/wp\/v2\/types\/post"}],"replies":[{"embeddable":true,"href":"https:\/\/zennihost.com\/test\/wp-json\/wp\/v2\/comments?post=83093"}],"version-history":[{"count":0,"href":"https:\/\/zennihost.com\/test\/wp-json\/wp\/v2\/posts\/83093\/revisions"}],"wp:attachment":[{"href":"https:\/\/zennihost.com\/test\/wp-json\/wp\/v2\/media?parent=83093"}],"wp:term":[{"taxonomy":"category","embeddable":true,"href":"https:\/\/zennihost.com\/test\/wp-json\/wp\/v2\/categories?post=83093"},{"taxonomy":"post_tag","embeddable":true,"href":"https:\/\/zennihost.com\/test\/wp-json\/wp\/v2\/tags?post=83093"}],"curies":[{"name":"wp","href":"https:\/\/api.w.org\/{rel}","templated":true}]}}