{"id":83084,"date":"2026-04-20T13:48:17","date_gmt":"2026-04-20T13:48:17","guid":{"rendered":"https:\/\/zennihost.com\/test\/2026\/04\/20\/ne-vuno-askush-nuk-fliste-greqisht-rama-flet-per-shkrimet-e-mediave-te-athines-per-prejardhjen-e-tij-greke-2\/"},"modified":"2026-04-20T13:48:17","modified_gmt":"2026-04-20T13:48:17","slug":"ne-vuno-askush-nuk-fliste-greqisht-rama-flet-per-shkrimet-e-mediave-te-athines-per-prejardhjen-e-tij-greke-2","status":"publish","type":"post","link":"https:\/\/zennihost.com\/test\/2026\/04\/20\/ne-vuno-askush-nuk-fliste-greqisht-rama-flet-per-shkrimet-e-mediave-te-athines-per-prejardhjen-e-tij-greke-2\/","title":{"rendered":"\u201cN\u00eb Vuno askush nuk fliste greqisht\u201d, Rama flet p\u00ebr shkrimet e mediave t\u00eb Athin\u00ebs p\u00ebr \u201cprejardhjen\u201d e tij greke"},"content":{"rendered":"<p>Pak dit\u00eb para pjes\u00ebmarrjes s\u00eb tij n\u00eb Greqi p\u00ebr Forumin e 11-t\u00eb Ekonomik Delphi, q\u00eb do t\u00eb mbahet me 22-25 prill, kreu i qeveris\u00eb shqiptare ka folur p\u00ebr median greke \u201cKathimerini\u201d.<\/p>\n<p>Gjat\u00eb intervist\u00ebs, Rama \u00ebsht\u00eb pyetur edhe p\u00ebr batut\u00ebn q\u00eb shkaktoi regime n\u00eb Athin\u00ebn zyrtare, kur foli p\u00ebr prejardhjen e grek\u00ebve, gjat\u00eb samitit t\u00eb Abu Dabit.<\/p>\n<p>\u201cM\u00eb vjen keq q\u00eb komentet q\u00eb kishin p\u00ebr q\u00ebllim t\u00eb ishin \u201cprovokuese\u201d, m\u00eb shum\u00eb p\u00ebr hir t\u00eb diskutimit dhe me pak humor, mund t\u00eb shnd\u00ebrrohen n\u00eb \u00e7\u00ebshtje serioze dhe t\u00eb nxisin reagime joproporcionale. Kjo m\u00eb habiti. Mendoj se duhet t\u2019i trajtojm\u00eb komente t\u00eb tilla me m\u00eb shum\u00eb but\u00ebsi. Ato nuk kan\u00eb p\u00ebr q\u00ebllim t\u00eb ofendojn\u00eb, por p\u00ebrkundrazi t\u00eb inkurajojn\u00eb autosarkazm\u00ebn, e cila \u00ebsht\u00eb gjithmon\u00eb e sh\u00ebndetshme.<\/p>\n<p>N\u00ebse njer\u00ebzit n\u00eb Greqi q\u00eb ishin t\u00eb m\u00ebrzitur do t\u2019i kishin d\u00ebgjuar edhe komentet e mia se si ne n\u00eb Shqip\u00ebri duhet ta marrim veten m\u00eb pak seriozisht dhe t\u00eb mos mb\u00ebshtetemi te e kaluara p\u00ebr t\u2019u ndjer\u00eb m\u00eb mir\u00eb ose m\u00eb t\u00eb r\u00ebnd\u00ebsish\u00ebm, mund ta kishin kuptuar q\u00eb dua t\u00eb them. Sidoqoft\u00eb, e kam b\u00ebr\u00eb t\u00eb qart\u00eb se kur b\u00ebhet fjal\u00eb p\u00ebr Greqin\u00eb, historin\u00eb, gjuh\u00ebn, let\u00ebrsin\u00eb dhe kultur\u00ebn e saj, ndjenjat e mia jan\u00eb plot\u00ebsisht pozitive. E admiroj shum\u00eb dhe kushdo q\u00eb m\u00eb njeh e kupton k\u00ebt\u00eb.<\/p>\n<p>Megjithat\u00eb, tendencat nacionaliste ndonj\u00ebher\u00eb mund t\u00eb shfaqen shpejt, shpesh duke reflektuar munges\u00eb pjekurie dhe nd\u00ebrgjegj\u00ebsimi. Ne t\u00eb gjith\u00eb duhet t\u00eb p\u00ebrpiqemi t\u00eb buz\u00ebqeshim m\u00eb shum\u00eb dhe ta marrim veten, dhe t\u00eb tjer\u00ebt, pak m\u00eb pak seriozisht\u201d, tha Rama lidhur m\u00eb k\u00ebt\u00eb rast.<\/p>\n<p>M\u00eb tej, kreu i ekzekutivit \u00ebsht\u00eb pyetur n\u00eb lidhje me origjin\u00ebn e tij, dhe prejardhjen e t\u00eb \u00ebm\u00ebs, nga fshati Vuno i Himar\u00ebs, por edhe p\u00ebr akuzat q\u00eb pasuan pas asaj deklarate n\u00eb Abu Dabi se kishte p\u00ebrfituar nga Greqia (gjat\u00eb koh\u00ebs q\u00eb ishte kryetar bashkie i Tiran\u00ebs) burs\u00eb p\u00ebr t\u00eb studiuar n\u00eb Harvard, gj\u00eb q\u00eb Rama e mohoi.<\/p>\n<p>\u201cVunoi \u00ebsht\u00eb nj\u00eb fshat n\u00eb Himar\u00eb, ka njer\u00ebz q\u00eb flasin greqisht n\u00eb fshatra t\u00eb tjer\u00eb, por n\u00eb Vuno askush nuk fliste greqisht. Nuk e di arsyen, por kjo nuk do t\u00eb thot\u00eb asgj\u00eb. N\u00ebse do t\u00eb kisha rr\u00ebnj\u00eb greke do t\u00eb isha shum\u00eb i lumtur dhe krenar, por nuk i kam. Jam krenar p\u00ebr rr\u00ebnj\u00ebt e mia shqiptare.<\/p>\n<p>S\u00eb dyti, nuk kam marr\u00eb kurr\u00eb burs\u00eb p\u00ebr n\u00eb Harvard dhe nuk kam studiuar kurr\u00eb n\u00eb Harvard. E kam vizituar at\u00eb, fal\u00eb nj\u00eb shoqeje shum\u00eb t\u00eb ngusht\u00eb dhe t\u00eb dashur, e cila \u00ebsht\u00eb si mot\u00ebr p\u00ebr mua dhe nj\u00eb greko-amerikane. Megjithat\u00eb, nuk kam studiuar kurr\u00eb atje. Qarkullojn\u00eb shum\u00eb dezinformata dhe nuk e kuptoj pse\u201d, u shpreh kryeministri.<\/p>\n<p><strong>gijotina.com\/<\/strong><\/p>\n<p>The post <a href=\"https:\/\/gijotina.com\/prejardhja\/\">\u201cN\u00eb Vuno askush nuk fliste greqisht\u201d, Rama flet p\u00ebr shkrimet e mediave t\u00eb Athin\u00ebs p\u00ebr \u201cprejardhjen\u201d e tij greke<\/a> appeared first on <a href=\"https:\/\/gijotina.com\/\">GIJOTINA<\/a>.<\/p>","protected":false},"excerpt":{"rendered":"<p>Pak dit\u00eb para pjes\u00ebmarrjes s\u00eb tij n\u00eb Greqi p\u00ebr Forumin e 11-t\u00eb Ekonomik Delphi, q\u00eb do t\u00eb mbahet me 22-25 prill, kreu i qeveris\u00eb shqiptare ka folur p\u00ebr median greke \u201cKathimerini\u201d. Gjat\u00eb intervist\u00ebs, Rama \u00ebsht\u00eb pyetur edhe p\u00ebr batut\u00ebn q\u00eb shkaktoi regime n\u00eb Athin\u00ebn zyrtare, kur foli p\u00ebr prejardhjen e grek\u00ebve, gjat\u00eb samitit t\u00eb Abu [&hellip;]<\/p>\n","protected":false},"author":0,"featured_media":0,"comment_status":"open","ping_status":"open","sticky":false,"template":"","format":"standard","meta":{"footnotes":""},"categories":[1],"tags":[],"class_list":["post-83084","post","type-post","status-publish","format-standard","hentry","category-uncategorized"],"_links":{"self":[{"href":"https:\/\/zennihost.com\/test\/wp-json\/wp\/v2\/posts\/83084","targetHints":{"allow":["GET"]}}],"collection":[{"href":"https:\/\/zennihost.com\/test\/wp-json\/wp\/v2\/posts"}],"about":[{"href":"https:\/\/zennihost.com\/test\/wp-json\/wp\/v2\/types\/post"}],"replies":[{"embeddable":true,"href":"https:\/\/zennihost.com\/test\/wp-json\/wp\/v2\/comments?post=83084"}],"version-history":[{"count":0,"href":"https:\/\/zennihost.com\/test\/wp-json\/wp\/v2\/posts\/83084\/revisions"}],"wp:attachment":[{"href":"https:\/\/zennihost.com\/test\/wp-json\/wp\/v2\/media?parent=83084"}],"wp:term":[{"taxonomy":"category","embeddable":true,"href":"https:\/\/zennihost.com\/test\/wp-json\/wp\/v2\/categories?post=83084"},{"taxonomy":"post_tag","embeddable":true,"href":"https:\/\/zennihost.com\/test\/wp-json\/wp\/v2\/tags?post=83084"}],"curies":[{"name":"wp","href":"https:\/\/api.w.org\/{rel}","templated":true}]}}