{"id":83082,"date":"2026-04-20T13:48:16","date_gmt":"2026-04-20T13:48:16","guid":{"rendered":"https:\/\/zennihost.com\/test\/2026\/04\/20\/vodhen-makinen-e-firmes-se-ndertimit-ne-elbasan-dhe-u-arratisen-ne-kerkim-kater-punetoret-e-huaj-2\/"},"modified":"2026-04-20T13:48:16","modified_gmt":"2026-04-20T13:48:16","slug":"vodhen-makinen-e-firmes-se-ndertimit-ne-elbasan-dhe-u-arratisen-ne-kerkim-kater-punetoret-e-huaj-2","status":"publish","type":"post","link":"https:\/\/zennihost.com\/test\/2026\/04\/20\/vodhen-makinen-e-firmes-se-ndertimit-ne-elbasan-dhe-u-arratisen-ne-kerkim-kater-punetoret-e-huaj-2\/","title":{"rendered":"Vodh\u00ebn makin\u00ebn e firm\u00ebs s\u00eb nd\u00ebrtimit n\u00eb Elbasan dhe u arratis\u00ebn, n\u00eb k\u00ebrkim kat\u00ebr pun\u00ebtor\u00ebt e huaj"},"content":{"rendered":"<p>Nj\u00eb ngjarje jo e zakont\u00eb njoftohet nga policia n\u00eb Elbasan, aty ku kat\u00ebr shtetas egjiptian\u00eb kan\u00eb rr\u00ebmbyer nj\u00eb nga makinat e firm\u00ebs s\u00eb nd\u00ebrtimit ku punonin dhe jan\u00eb arratisur.<\/p>\n<p>Incidenti \u00ebsht\u00eb referuar n\u00eb prokurori dhe policia po punon p\u00ebr lokalizimin e kat\u00ebr egjiptian\u00ebve M. E., 24 vje\u00e7, M. T., 33 vje\u00e7, M. H., 31 vje\u00e7, dhe M. I., 31 vje\u00e7.<\/p>\n<p><strong>NJOFTIMI I POLICIS\u00cb \u2013<\/strong>\u00a0Specialist\u00ebt p\u00ebr Hetimin e Krimeve t\u00eb Komisariatit t\u00eb Policis\u00eb Peqin referuan materialet n\u00eb Prokurori dhe shpall\u00ebn n\u00eb k\u00ebrkim shtetasit egjiptian\u00eb M. E., 24 vje\u00e7, M. T., 33 vje\u00e7, M. H., 31 vje\u00e7, dhe M. I., 31 vje\u00e7, pasi dyshohet se kan\u00eb vjedhur nj\u00eb automjet, n\u00eb ambientet e nj\u00eb firme nd\u00ebrtimi, n\u00eb fshatin Uru\u00e7aj. Po punohet p\u00ebr kapjen e k\u00ebtyre shtetasve dhe p\u00ebr gjetjen e automjetit.<\/p>\n<div class=\"adGroupWrapper\">\n<div class=\"adGroupWrapperInner\">\n<div class=\"oneAdBlock\">\n<div class=\"abd\"><strong>gijotina.com\/<\/strong><\/div>\n<\/div>\n<\/div>\n<\/div>\n<p>The post <a href=\"https:\/\/gijotina.com\/egjiptianet\/\">Vodh\u00ebn makin\u00ebn e firm\u00ebs s\u00eb nd\u00ebrtimit n\u00eb Elbasan dhe u arratis\u00ebn, n\u00eb k\u00ebrkim kat\u00ebr pun\u00ebtor\u00ebt e huaj<\/a> appeared first on <a href=\"https:\/\/gijotina.com\/\">GIJOTINA<\/a>.<\/p>","protected":false},"excerpt":{"rendered":"<p>Nj\u00eb ngjarje jo e zakont\u00eb njoftohet nga policia n\u00eb Elbasan, aty ku kat\u00ebr shtetas egjiptian\u00eb kan\u00eb rr\u00ebmbyer nj\u00eb nga makinat e firm\u00ebs s\u00eb nd\u00ebrtimit ku punonin dhe jan\u00eb arratisur. Incidenti \u00ebsht\u00eb referuar n\u00eb prokurori dhe policia po punon p\u00ebr lokalizimin e kat\u00ebr egjiptian\u00ebve M. E., 24 vje\u00e7, M. T., 33 vje\u00e7, M. H., 31 vje\u00e7, [&hellip;]<\/p>\n","protected":false},"author":0,"featured_media":0,"comment_status":"open","ping_status":"open","sticky":false,"template":"","format":"standard","meta":{"footnotes":""},"categories":[1],"tags":[],"class_list":["post-83082","post","type-post","status-publish","format-standard","hentry","category-uncategorized"],"_links":{"self":[{"href":"https:\/\/zennihost.com\/test\/wp-json\/wp\/v2\/posts\/83082","targetHints":{"allow":["GET"]}}],"collection":[{"href":"https:\/\/zennihost.com\/test\/wp-json\/wp\/v2\/posts"}],"about":[{"href":"https:\/\/zennihost.com\/test\/wp-json\/wp\/v2\/types\/post"}],"replies":[{"embeddable":true,"href":"https:\/\/zennihost.com\/test\/wp-json\/wp\/v2\/comments?post=83082"}],"version-history":[{"count":0,"href":"https:\/\/zennihost.com\/test\/wp-json\/wp\/v2\/posts\/83082\/revisions"}],"wp:attachment":[{"href":"https:\/\/zennihost.com\/test\/wp-json\/wp\/v2\/media?parent=83082"}],"wp:term":[{"taxonomy":"category","embeddable":true,"href":"https:\/\/zennihost.com\/test\/wp-json\/wp\/v2\/categories?post=83082"},{"taxonomy":"post_tag","embeddable":true,"href":"https:\/\/zennihost.com\/test\/wp-json\/wp\/v2\/tags?post=83082"}],"curies":[{"name":"wp","href":"https:\/\/api.w.org\/{rel}","templated":true}]}}