{"id":83076,"date":"2026-04-20T12:13:56","date_gmt":"2026-04-20T12:13:56","guid":{"rendered":"https:\/\/zennihost.com\/test\/2026\/04\/20\/diskutimet-per-president-kurti-abdixhikut-i-ofrova-bashkeqeverisje-por-e-refuzoi\/"},"modified":"2026-04-20T12:13:56","modified_gmt":"2026-04-20T12:13:56","slug":"diskutimet-per-president-kurti-abdixhikut-i-ofrova-bashkeqeverisje-por-e-refuzoi","status":"publish","type":"post","link":"https:\/\/zennihost.com\/test\/2026\/04\/20\/diskutimet-per-president-kurti-abdixhikut-i-ofrova-bashkeqeverisje-por-e-refuzoi\/","title":{"rendered":"Diskutimet p\u00ebr president, Kurti: Abdixhikut i ofrova bashk\u00ebqeverisje, por e refuzoi"},"content":{"rendered":"<p>Kryeministri i Kosov\u00ebs, Albin Kurti pas takimit me kryetarin e LDK-s\u00eb, Lumir Abdixhiku, ka th\u00ebn\u00eb se bisedimet p\u00ebr presidentin e ri kan\u00eb rezultuar t\u00eb pasuksesshme. Duke folur p\u00ebr mediat, Kurti u shpreh se asnj\u00ebra prej ofertave q\u00eb kan\u00eb b\u00ebr\u00eb nuk u \u00ebsht\u00eb pranuar nga Abdixhiku. Kurti theksoi nd\u00ebr t\u00eb tjera, se ai ka th\u00ebn\u00eb se Kosova po shkon drejt zgjedhjeve, t\u00eb cilat i ka quajtur t\u00eb panevojshme.<\/p>\n<p>\u201cNe ofruam q\u00eb LDK-ja n\u00eb bashk\u00ebqeverisje me LVV-n\u00eb dhe partner\u00ebt tjer\u00eb ta ket\u00eb z\u00ebvend\u00ebskryeministrin, Ministrin\u00eb e Pun\u00ebve t\u00eb Jashtme dhe tri ministri t\u00eb tjera. Kam preferuar q\u00eb z\u00ebvend\u00ebskryeminist\u00ebr i imi t\u00eb b\u00ebhet Abdixhiku dhe t\u00eb fillojm\u00eb nj\u00eb kapitull t\u00eb ri.<\/p>\n<p>N\u00eb k\u00ebt\u00eb m\u00ebnyr\u00eb Kosova po shkon drejt zgjedhje t\u00eb reja, t\u00eb panevojshme, q\u00eb i humbin koh\u00eb shtetit dhe buxhetit t\u00eb Kosov\u00ebs mjete. S\u00eb paku 1 milion euro kushtojn\u00eb zgjedhjet e reja dhe nuk do t\u00eb sjellin zgjidhje sepse nuk do ta kemi numrin prej 80 deputet\u00ebve p\u00ebr ta b\u00ebr\u00eb kuorumin. \u00cbsht\u00eb dashur t\u00eb p\u00ebrpiqemi m\u00eb shum\u00eb dhe nuk \u00ebsht\u00eb dashur t\u00eb refuzohet oferta jon\u00eb p\u00ebr qeverisje\u201d, ka deklaruar Kurti.<\/p>\n<p>The post <a href=\"https:\/\/lapsi.al\/2026\/04\/20\/diskutimet-per-president-kurti-abdixhikut-i-ofrova-bashkeqeverisje-por-e-refuzoi\/\">Diskutimet p\u00ebr president, Kurti: Abdixhikut i ofrova bashk\u00ebqeverisje, por e refuzoi<\/a> appeared first on <a href=\"https:\/\/lapsi.al\/\">Lapsi.al<\/a>.<\/p>","protected":false},"excerpt":{"rendered":"<p>Kryeministri i Kosov\u00ebs, Albin Kurti pas takimit me kryetarin e LDK-s\u00eb, Lumir Abdixhiku, ka th\u00ebn\u00eb se bisedimet p\u00ebr presidentin e ri kan\u00eb rezultuar t\u00eb pasuksesshme. Duke folur p\u00ebr mediat, Kurti u shpreh se asnj\u00ebra prej ofertave q\u00eb kan\u00eb b\u00ebr\u00eb nuk u \u00ebsht\u00eb pranuar nga Abdixhiku. Kurti theksoi nd\u00ebr t\u00eb tjera, se ai ka th\u00ebn\u00eb se [&hellip;]<\/p>\n","protected":false},"author":0,"featured_media":0,"comment_status":"open","ping_status":"open","sticky":false,"template":"","format":"standard","meta":{"footnotes":""},"categories":[1],"tags":[],"class_list":["post-83076","post","type-post","status-publish","format-standard","hentry","category-uncategorized"],"_links":{"self":[{"href":"https:\/\/zennihost.com\/test\/wp-json\/wp\/v2\/posts\/83076","targetHints":{"allow":["GET"]}}],"collection":[{"href":"https:\/\/zennihost.com\/test\/wp-json\/wp\/v2\/posts"}],"about":[{"href":"https:\/\/zennihost.com\/test\/wp-json\/wp\/v2\/types\/post"}],"replies":[{"embeddable":true,"href":"https:\/\/zennihost.com\/test\/wp-json\/wp\/v2\/comments?post=83076"}],"version-history":[{"count":0,"href":"https:\/\/zennihost.com\/test\/wp-json\/wp\/v2\/posts\/83076\/revisions"}],"wp:attachment":[{"href":"https:\/\/zennihost.com\/test\/wp-json\/wp\/v2\/media?parent=83076"}],"wp:term":[{"taxonomy":"category","embeddable":true,"href":"https:\/\/zennihost.com\/test\/wp-json\/wp\/v2\/categories?post=83076"},{"taxonomy":"post_tag","embeddable":true,"href":"https:\/\/zennihost.com\/test\/wp-json\/wp\/v2\/tags?post=83076"}],"curies":[{"name":"wp","href":"https:\/\/api.w.org\/{rel}","templated":true}]}}