{"id":83067,"date":"2026-04-20T10:55:42","date_gmt":"2026-04-20T10:55:42","guid":{"rendered":"https:\/\/zennihost.com\/test\/2026\/04\/20\/orban-zbret-nga-makina-sherr-me-tifozin-per-nje-foto-cfare-ndodhi-pas-verona-milan\/"},"modified":"2026-04-20T10:55:42","modified_gmt":"2026-04-20T10:55:42","slug":"orban-zbret-nga-makina-sherr-me-tifozin-per-nje-foto-cfare-ndodhi-pas-verona-milan","status":"publish","type":"post","link":"https:\/\/zennihost.com\/test\/2026\/04\/20\/orban-zbret-nga-makina-sherr-me-tifozin-per-nje-foto-cfare-ndodhi-pas-verona-milan\/","title":{"rendered":"Orban zbret nga makina, sherr me tifozin p\u00ebr nj\u00eb foto: \u00e7far\u00eb ndodhi pas Verona-Milan"},"content":{"rendered":"<p>Verona-Milan nuk u mbyll me v\u00ebrsh\u00ebllim\u00ebn e trefisht\u00eb, por pati nj\u00eb vazhdim t\u00eb papritur dhe mjaft t\u00eb tensionuar jasht\u00eb stadiumit Stadio Marcantonio Bentegodi. Pas humbjes s\u00eb klubit verdheblu ndaj kuqezinjve, v\u00ebmendja u zhvendos nga fusha n\u00eb parkimin Masprone, ku ndodhi nj\u00eb episod q\u00eb p\u00ebrfshiu sulmuesin Gift Orban.<\/p>\n<p>Sipas d\u00ebshmitar\u00ebve dhe pamjeve t\u00eb publikuara nga Telenuovo, lojtari po largohej nga impianti me makin\u00ebn e tij, duksh\u00ebm i nervozuar p\u00ebr rezultatin. Disa tifoz\u00eb iu afruan p\u00ebr t\u00eb k\u00ebrkuar fotot e zakonshme pas ndeshjes, mes tyre edhe nj\u00eb baba me djalin. Orban thuhet se refuzoi, duke shpjeguar se kishte nxitim. Situata u tensionua kur nj\u00eb tjet\u00ebr tifoz k\u00ebmb\u00ebnguli, duke i k\u00ebrkuar t\u00eb ndalonte p\u00ebr f\u00ebmij\u00ebn.<\/p>\n<p>N\u00eb at\u00eb moment, nd\u00ebrsa lojtari p\u00ebrpiqej t\u00eb largohej, nj\u00eb nga t\u00eb pranishmit goditi kofanon e makin\u00ebs me dor\u00eb, ndoshta p\u00ebr t\u00eb sinjalizuar pranin\u00eb e njer\u00ebzve p\u00ebrpara automjetit ose p\u00ebr protest\u00eb. Reagimi ishte i menj\u00ebhersh\u00ebm: Orban ndaloi makin\u00ebn, zbriti dhe u p\u00ebrball me tifozin, duke arritur deri n\u00eb kontakt fizik dhe duke shkaktuar nj\u00eb p\u00ebrleshje.<\/p>\n<p>VIDEO | Orban scende dall\u2019auto e fa rissa con un tifoso <a href=\"https:\/\/t.co\/YYwhHKqo0W\">https:\/\/t.co\/YYwhHKqo0W<\/a> <a href=\"https:\/\/t.co\/Mg9g1V0I78\">pic.twitter.com\/Mg9g1V0I78<\/a><\/p>\n<p>\u2014 Telenuovo (@Telenuovo) <a href=\"https:\/\/twitter.com\/Telenuovo\/status\/2045909146638192830?ref_src=twsrc%5Etfw\">April 19, 2026<\/a><\/p>\n\n<h4><strong>Orban zbret nga makina, p\u00ebrplaset me tifozin pas Verona-Milan<\/strong><\/h4>\n<p>N\u00eb video shihen shtyrje t\u00eb p\u00ebrs\u00ebritura dhe momente tensioni t\u00eb madh, me disa persona q\u00eb p\u00ebrpiqen t\u00eb ndajn\u00eb t\u00eb dy. Rreth tyre, skena \u00ebsht\u00eb kaotike: britma, rr\u00ebmuj\u00eb dhe edhe frika e atyre q\u00eb asistojn\u00eb, me nj\u00eb f\u00ebmij\u00eb q\u00eb shp\u00ebrthen n\u00eb lot. Disa tifoz\u00eb nd\u00ebrhyn\u00eb p\u00ebr t\u00eb rikthyer qet\u00ebsin\u00eb, nd\u00ebrsa t\u00eb tjer\u00eb filmuan gjith\u00e7ka me telefonat e tyre.<\/p>\n<p>Situata k\u00ebrkoi edhe nd\u00ebrhyrjen e forcave t\u00eb rendit: Digos mb\u00ebrriti n\u00eb vendngjarje p\u00ebr t\u00eb kryer verifikimet dhe p\u00ebr t\u00eb rind\u00ebrtuar me sakt\u00ebsi at\u00eb q\u00eb ndodhi. Nd\u00ebrkoh\u00eb, lojtari u largua nga nj\u00eb punonj\u00ebs i klubit p\u00ebr t\u00eb shmangur p\u00ebrshkall\u00ebzime t\u00eb m\u00ebtejshme.<\/p>\n<p>Sipas disa rind\u00ebrtimeve, pasi u kthye brenda struktur\u00ebs, Orban u p\u00ebrpoq t\u00eb rregullonte situat\u00ebn, duke u kthyer pas dhe duke k\u00ebrkuar falje p\u00ebr at\u00eb q\u00eb ndodhi. Megjithat\u00eb, mbetet nj\u00eb episod i r\u00ebnd\u00eb, i destinuar t\u00eb diskutohet dhe q\u00eb mund t\u00eb ket\u00eb pasoja edhe n\u00eb planin disiplinor.<\/p>\n<p>The post <a href=\"https:\/\/lapsi.al\/2026\/04\/20\/orban-zbret-nga-makina-sherr-me-tifozin-per-nje-foto-cfare-ndodhi-pas-verona-milan\/\">Orban zbret nga makina, sherr me tifozin p\u00ebr nj\u00eb foto: \u00e7far\u00eb ndodhi pas Verona-Milan<\/a> appeared first on <a href=\"https:\/\/lapsi.al\/\">Lapsi.al<\/a>.<\/p>","protected":false},"excerpt":{"rendered":"<p>Verona-Milan nuk u mbyll me v\u00ebrsh\u00ebllim\u00ebn e trefisht\u00eb, por pati nj\u00eb vazhdim t\u00eb papritur dhe mjaft t\u00eb tensionuar jasht\u00eb stadiumit Stadio Marcantonio Bentegodi. Pas humbjes s\u00eb klubit verdheblu ndaj kuqezinjve, v\u00ebmendja u zhvendos nga fusha n\u00eb parkimin Masprone, ku ndodhi nj\u00eb episod q\u00eb p\u00ebrfshiu sulmuesin Gift Orban. Sipas d\u00ebshmitar\u00ebve dhe pamjeve t\u00eb publikuara nga Telenuovo, [&hellip;]<\/p>\n","protected":false},"author":0,"featured_media":0,"comment_status":"open","ping_status":"open","sticky":false,"template":"","format":"standard","meta":{"footnotes":""},"categories":[1],"tags":[],"class_list":["post-83067","post","type-post","status-publish","format-standard","hentry","category-uncategorized"],"_links":{"self":[{"href":"https:\/\/zennihost.com\/test\/wp-json\/wp\/v2\/posts\/83067","targetHints":{"allow":["GET"]}}],"collection":[{"href":"https:\/\/zennihost.com\/test\/wp-json\/wp\/v2\/posts"}],"about":[{"href":"https:\/\/zennihost.com\/test\/wp-json\/wp\/v2\/types\/post"}],"replies":[{"embeddable":true,"href":"https:\/\/zennihost.com\/test\/wp-json\/wp\/v2\/comments?post=83067"}],"version-history":[{"count":0,"href":"https:\/\/zennihost.com\/test\/wp-json\/wp\/v2\/posts\/83067\/revisions"}],"wp:attachment":[{"href":"https:\/\/zennihost.com\/test\/wp-json\/wp\/v2\/media?parent=83067"}],"wp:term":[{"taxonomy":"category","embeddable":true,"href":"https:\/\/zennihost.com\/test\/wp-json\/wp\/v2\/categories?post=83067"},{"taxonomy":"post_tag","embeddable":true,"href":"https:\/\/zennihost.com\/test\/wp-json\/wp\/v2\/tags?post=83067"}],"curies":[{"name":"wp","href":"https:\/\/api.w.org\/{rel}","templated":true}]}}