{"id":83066,"date":"2026-04-20T11:21:01","date_gmt":"2026-04-20T11:21:01","guid":{"rendered":"https:\/\/zennihost.com\/test\/2026\/04\/20\/ministri-i-jashtem-i-spanjes-izraeli-po-zbaton-strategjine-e-gazes-ne-liban\/"},"modified":"2026-04-20T11:21:01","modified_gmt":"2026-04-20T11:21:01","slug":"ministri-i-jashtem-i-spanjes-izraeli-po-zbaton-strategjine-e-gazes-ne-liban","status":"publish","type":"post","link":"https:\/\/zennihost.com\/test\/2026\/04\/20\/ministri-i-jashtem-i-spanjes-izraeli-po-zbaton-strategjine-e-gazes-ne-liban\/","title":{"rendered":"Ministri i Jasht\u00ebm i Spanj\u00ebs: Izraeli po zbaton strategjin\u00eb e Gaz\u00ebs n\u00eb Liban"},"content":{"rendered":"<p>Ministri i Jasht\u00ebm i Spanj\u00ebs, Jose Manuel Albares, tha t\u00eb h\u00ebn\u00ebn se Izraeli po zbaton t\u00eb nj\u00ebjt\u00ebn strategji ushtarake n\u00eb Libanin jugor si n\u00eb Gaza, nd\u00ebrsa k\u00ebmb\u00ebnguli se nuk mund t\u00eb mbaj\u00eb marr\u00ebdh\u00ebnie normale me Bashkimin Evropian p\u00ebr shkak t\u00eb shkeljeve t\u00eb vazhdueshme t\u00eb t\u00eb drejtave t\u00eb njeriut.<\/p>\n<p>Albares tha se situata n\u00eb Liban pasqyron nj\u00eb model t\u00eb \u201cparandalimit t\u00eb jet\u00ebs normale p\u00ebr qytetar\u00ebt libanez\u00eb, shkat\u00ebrrimit t\u00eb infrastruktur\u00ebs civile, shkeljes flagrante t\u00eb s\u00eb drejt\u00ebs nd\u00ebrkomb\u00ebtare, urdhrave p\u00ebr zhvendosjen me forc\u00eb t\u00eb popullsis\u00eb n\u00eb m\u00ebnyr\u00eb q\u00eb ata t\u00eb mos mund t\u00eb kthehen, si dhe sulmeve nga t\u00eb dyja pal\u00ebt ndaj forc\u00ebs s\u00eb OKB-s\u00eb n\u00eb Liban\u201d.<\/p>\n<p>E gjith\u00eb kjo, sipas ministrit, tregon se Izraeli k\u00ebrkon kontroll mbi nj\u00eb pjes\u00eb t\u00eb nj\u00eb shteti sovran.<\/p>\n<p>\u201cKjo do t\u00eb ishte shum\u00eb serioze p\u00ebr stabilitetin e Lindjes s\u00eb Mesme dhe p\u00ebr sigurin\u00eb e vet\u00eb Izraelit\u201d, paralajm\u00ebroi Albares, duke shtuar se Izraeli \u201cpo e \u00e7on Lindjen e Mesme drejt nj\u00eb lufte t\u00eb p\u00ebrhershme\u201d.<\/p>\n<p>Ai p\u00ebrs\u00ebriti gjithashtu shtys\u00ebn e Spanj\u00ebs q\u00eb BE t\u00eb pezulloj\u00eb Marr\u00ebveshjen e Asociimit me Izraelin, t\u00eb cil\u00ebn ai do ta mb\u00ebshtes\u00eb n\u00eb takimin e ministrave t\u00eb jasht\u00ebm t\u00eb s\u00eb mart\u00ebs.<\/p>\n<p>\u201cIzraeli duhet ta kuptoj\u00eb se nuk mund t\u00eb ket\u00eb nj\u00eb marr\u00ebdh\u00ebnie normale kur t\u00eb drejtat e njeriut shkelen n\u00eb m\u00ebnyr\u00eb flagrante\u201d, shtoi ai.<\/p>\n<p>Duke iu referuar konfliktit m\u00eb t\u00eb gjer\u00eb rajonal, Albares tha se Spanja nuk do t\u00eb marr\u00eb pjes\u00eb n\u00eb asnj\u00eb operacion ushtarak n\u00eb Ngushtic\u00ebn e Hormuzit, ku tensionet mbeten t\u00eb larta pavar\u00ebsisht nj\u00eb arm\u00ebpushimi t\u00eb p\u00ebrkohsh\u00ebm midis Iranit, SHBA-s\u00eb dhe Izraelit.<\/p>\n<p>\u201cNe nuk do t\u00eb marrim pjes\u00eb n\u00eb asnj\u00eb operacion ushtarak n\u00eb ngushtic\u00eb\u201d, tha ai, duke shtuar se Spanja favorizon zgjidhjet diplomatike.<\/p>\n<p>Jav\u00ebn e kaluar, kryeministri britanik Keir Starmer tha se Mbret\u00ebria e Bashkuar dhe Franca do t\u00eb udh\u00ebheqin nj\u00eb mision shum\u00ebkomb\u00ebsh \u201cpaq\u00ebsor dhe mbrojt\u00ebs\u201d p\u00ebr t\u00eb mbrojtur ngushtic\u00ebn sapo t\u00eb mbarojn\u00eb luftimet n\u00eb rajon.<\/p>\n<p>Albares b\u00ebri thirrje q\u00eb rruga ujore t\u00eb kthehet n\u00eb \u201cnj\u00eb kalim t\u00eb lir\u00eb, t\u00eb sigurt dhe t\u00eb hapur p\u00ebr t\u00eb gjitha anijet pa diskriminim\u201d, por tha se \u00e7do mekaniz\u00ebm verifikimi i ardhsh\u00ebm duhet t\u00eb udh\u00ebhiqet nga Kombet e Bashkuara.<\/p>\n<p>Albares paralajm\u00ebroi p\u00ebr rritjen e tensioneve ushtarake midis Iranit dhe Shteteve t\u00eb Bashkuara dhe i k\u00ebrkoi Iranit t\u00eb marr\u00eb pjes\u00eb n\u00eb bisedimet e paqes n\u00eb Pakistan p\u00ebr t\u00eb shmangur p\u00ebrshkall\u00ebzimin e m\u00ebtejsh\u00ebm.<\/p>\n<p>The post <a href=\"https:\/\/lapsi.al\/2026\/04\/20\/ministri-i-jashtem-i-spanjes-izraeli-po-zbaton-strategjine-e-gazes-ne-liban\/\">Ministri i Jasht\u00ebm i Spanj\u00ebs: Izraeli po zbaton strategjin\u00eb e Gaz\u00ebs n\u00eb Liban<\/a> appeared first on <a href=\"https:\/\/lapsi.al\/\">Lapsi.al<\/a>.<\/p>","protected":false},"excerpt":{"rendered":"<p>Ministri i Jasht\u00ebm i Spanj\u00ebs, Jose Manuel Albares, tha t\u00eb h\u00ebn\u00ebn se Izraeli po zbaton t\u00eb nj\u00ebjt\u00ebn strategji ushtarake n\u00eb Libanin jugor si n\u00eb Gaza, nd\u00ebrsa k\u00ebmb\u00ebnguli se nuk mund t\u00eb mbaj\u00eb marr\u00ebdh\u00ebnie normale me Bashkimin Evropian p\u00ebr shkak t\u00eb shkeljeve t\u00eb vazhdueshme t\u00eb t\u00eb drejtave t\u00eb njeriut. Albares tha se situata n\u00eb Liban pasqyron [&hellip;]<\/p>\n","protected":false},"author":0,"featured_media":0,"comment_status":"open","ping_status":"open","sticky":false,"template":"","format":"standard","meta":{"footnotes":""},"categories":[1],"tags":[],"class_list":["post-83066","post","type-post","status-publish","format-standard","hentry","category-uncategorized"],"_links":{"self":[{"href":"https:\/\/zennihost.com\/test\/wp-json\/wp\/v2\/posts\/83066","targetHints":{"allow":["GET"]}}],"collection":[{"href":"https:\/\/zennihost.com\/test\/wp-json\/wp\/v2\/posts"}],"about":[{"href":"https:\/\/zennihost.com\/test\/wp-json\/wp\/v2\/types\/post"}],"replies":[{"embeddable":true,"href":"https:\/\/zennihost.com\/test\/wp-json\/wp\/v2\/comments?post=83066"}],"version-history":[{"count":0,"href":"https:\/\/zennihost.com\/test\/wp-json\/wp\/v2\/posts\/83066\/revisions"}],"wp:attachment":[{"href":"https:\/\/zennihost.com\/test\/wp-json\/wp\/v2\/media?parent=83066"}],"wp:term":[{"taxonomy":"category","embeddable":true,"href":"https:\/\/zennihost.com\/test\/wp-json\/wp\/v2\/categories?post=83066"},{"taxonomy":"post_tag","embeddable":true,"href":"https:\/\/zennihost.com\/test\/wp-json\/wp\/v2\/tags?post=83066"}],"curies":[{"name":"wp","href":"https:\/\/api.w.org\/{rel}","templated":true}]}}