{"id":83065,"date":"2026-04-20T11:48:31","date_gmt":"2026-04-20T11:48:31","guid":{"rendered":"https:\/\/zennihost.com\/test\/2026\/04\/20\/ministrja-kumbaro-ne-komisionin-per-edukimin-reforme-ne-sherbimet-arsimore-me-krijimin-e-agjencise-kombetare-te-sherbimeve-arsimore\/"},"modified":"2026-04-20T11:48:31","modified_gmt":"2026-04-20T11:48:31","slug":"ministrja-kumbaro-ne-komisionin-per-edukimin-reforme-ne-sherbimet-arsimore-me-krijimin-e-agjencise-kombetare-te-sherbimeve-arsimore","status":"publish","type":"post","link":"https:\/\/zennihost.com\/test\/2026\/04\/20\/ministrja-kumbaro-ne-komisionin-per-edukimin-reforme-ne-sherbimet-arsimore-me-krijimin-e-agjencise-kombetare-te-sherbimeve-arsimore\/","title":{"rendered":"Ministrja Kumbaro n\u00eb Komisionin p\u00ebr Edukimin: Reform\u00eb n\u00eb sh\u00ebrbimet arsimore me krijimin e Agjencis\u00eb Komb\u00ebtare t\u00eb Sh\u00ebrbimeve Arsimore"},"content":{"rendered":"<p>Ministrja e Arsimit, Mirela Kumbaro, prezantoi n\u00eb Komisionin p\u00ebr Edukimin, Shkenc\u00ebn dhe Sportin projektligjin \u201cP\u00ebr krijimin e Agjencis\u00eb Komb\u00ebtare t\u00eb Sh\u00ebrbimeve Arsimore\u201d, nj\u00eb reform\u00eb q\u00eb synon modernizimin e ofrimit t\u00eb sh\u00ebrbimeve dhe p\u00ebrmir\u00ebsimin e aksesit p\u00ebr qytetar\u00ebt n\u00eb arsimin parauniversitar dhe at\u00eb t\u00eb lart\u00eb.<\/p>\n<p>Projektligji parashikon transformimin e Qendr\u00ebs s\u00eb Sh\u00ebrbimeve Arsimore n\u00eb nj\u00eb agjenci autonome, me fokus rritjen e cil\u00ebsis\u00eb, efikasitetit dhe transparenc\u00ebs s\u00eb sh\u00ebrbimeve. Institucioni aktual p\u00ebrpunon rreth 158 mij\u00eb sh\u00ebrbime n\u00eb vit, p\u00ebrfshir\u00eb procedura me ndikim t\u00eb drejtp\u00ebrdrejt\u00eb n\u00eb pun\u00ebsim dhe vijimin e studimeve, si njohja e diplomave nd\u00ebrkomb\u00ebtare, t\u00eb cilat deri m\u00eb tani jan\u00eb ofruar n\u00eb kushte t\u00eb kufizuara teknologjike dhe logjistike.<\/p>\n<p>Reforma mb\u00ebshtetet edhe n\u00eb ekspertiz\u00ebn nd\u00ebrkomb\u00ebtare, p\u00ebrmes bashk\u00ebpunimit me Cambridge, me synim nd\u00ebrtimin e nj\u00eb sistemi vler\u00ebsimi m\u00eb t\u00eb besuesh\u00ebm, transparent dhe t\u00eb p\u00ebrputhur me standardet bashk\u00ebkohore t\u00eb arsimit.<\/p>\n<p>Sipas ministres, miratimi i projektligjit plot\u00ebson t\u00eb gjitha piketat e Kapitullit 26 p\u00ebr arsimin n\u00eb procesin e integrimit evropian, duke e pozicionuar at\u00eb si nj\u00eb nga kapitujt e par\u00eb drejt p\u00ebrmbylljes n\u00eb kuad\u00ebr t\u00eb negociatave me Bashkimin Evropian.<\/p>\n<p>Projektligji p\u00ebrcakton se organizimi i ri nuk cenon autonomin\u00eb e institucioneve t\u00eb arsimit t\u00eb lart\u00eb, t\u00eb parashikuar n\u00eb nenin 57 t\u00eb Kushtetut\u00ebs. Agjencia do t\u00eb mbik\u00ebqyret nga ministria p\u00ebrgjegj\u00ebse p\u00ebr arsimin, me detyrimin p\u00ebr t\u00eb raportuar \u00e7do vit mbi veprimtarin\u00eb e saj. Drejtimi do t\u00eb realizohet p\u00ebrmes nj\u00eb bordi t\u00eb kryesuar nga ministri, nd\u00ebrsa vendimet kryesore financiare do t\u2019i n\u00ebnshtrohen miratimit t\u00eb K\u00ebshillit t\u00eb Ministrave.<\/p>","protected":false},"excerpt":{"rendered":"<p>Ministrja e Arsimit, Mirela Kumbaro, prezantoi n\u00eb Komisionin p\u00ebr Edukimin, Shkenc\u00ebn dhe Sportin projektligjin \u201cP\u00ebr krijimin e Agjencis\u00eb Komb\u00ebtare t\u00eb Sh\u00ebrbimeve Arsimore\u201d, nj\u00eb reform\u00eb q\u00eb synon modernizimin e ofrimit t\u00eb sh\u00ebrbimeve dhe p\u00ebrmir\u00ebsimin e aksesit p\u00ebr qytetar\u00ebt n\u00eb arsimin parauniversitar dhe at\u00eb t\u00eb lart\u00eb. Projektligji parashikon transformimin e Qendr\u00ebs s\u00eb Sh\u00ebrbimeve Arsimore n\u00eb nj\u00eb agjenci [&hellip;]<\/p>\n","protected":false},"author":0,"featured_media":0,"comment_status":"open","ping_status":"open","sticky":false,"template":"","format":"standard","meta":{"footnotes":""},"categories":[1],"tags":[],"class_list":["post-83065","post","type-post","status-publish","format-standard","hentry","category-uncategorized"],"_links":{"self":[{"href":"https:\/\/zennihost.com\/test\/wp-json\/wp\/v2\/posts\/83065","targetHints":{"allow":["GET"]}}],"collection":[{"href":"https:\/\/zennihost.com\/test\/wp-json\/wp\/v2\/posts"}],"about":[{"href":"https:\/\/zennihost.com\/test\/wp-json\/wp\/v2\/types\/post"}],"replies":[{"embeddable":true,"href":"https:\/\/zennihost.com\/test\/wp-json\/wp\/v2\/comments?post=83065"}],"version-history":[{"count":0,"href":"https:\/\/zennihost.com\/test\/wp-json\/wp\/v2\/posts\/83065\/revisions"}],"wp:attachment":[{"href":"https:\/\/zennihost.com\/test\/wp-json\/wp\/v2\/media?parent=83065"}],"wp:term":[{"taxonomy":"category","embeddable":true,"href":"https:\/\/zennihost.com\/test\/wp-json\/wp\/v2\/categories?post=83065"},{"taxonomy":"post_tag","embeddable":true,"href":"https:\/\/zennihost.com\/test\/wp-json\/wp\/v2\/tags?post=83065"}],"curies":[{"name":"wp","href":"https:\/\/api.w.org\/{rel}","templated":true}]}}