{"id":83064,"date":"2026-04-20T11:48:30","date_gmt":"2026-04-20T11:48:30","guid":{"rendered":"https:\/\/zennihost.com\/test\/2026\/04\/20\/rama-per-il-giornale-shume-vende-evropiane-e-kane-kerkuar-por-marreveshja-per-migrantet-vlen-vetem-per-italine\/"},"modified":"2026-04-20T11:48:30","modified_gmt":"2026-04-20T11:48:30","slug":"rama-per-il-giornale-shume-vende-evropiane-e-kane-kerkuar-por-marreveshja-per-migrantet-vlen-vetem-per-italine","status":"publish","type":"post","link":"https:\/\/zennihost.com\/test\/2026\/04\/20\/rama-per-il-giornale-shume-vende-evropiane-e-kane-kerkuar-por-marreveshja-per-migrantet-vlen-vetem-per-italine\/","title":{"rendered":"Rama p\u00ebr \u201cIl Giornale\u201d: Shum\u00eb vende evropiane e kan\u00eb k\u00ebrkuar, por marr\u00ebveshja p\u00ebr migrant\u00ebt vlen vet\u00ebm p\u00ebr Italin\u00eb"},"content":{"rendered":"<p>ROM\u00cb, 20 prill \/ATSH\/- T\u00eb hysh n\u00eb studion e Edi Ram\u00ebs \u00ebsht\u00eb nj\u00eb goditje e papritur. Pasi i n\u00ebnshtrosh kontrolleve t\u00eb rrepta, ke l\u00ebn\u00eb celularin, or\u00ebn dhe \u00e7do objekt tjet\u00ebr, kalon n\u00ebp\u00ebr korridore ku mbret\u00ebron nj\u00eb heshtje e thell\u00eb. Hapet dera dhe skenari ndryshon papritur. N\u00eb mure njolla t\u00eb kuqe, portokalli, t\u00eb verdha, jeshile, blu, vjollc\u00eb dhe roz\u00eb ndjekin nj\u00ebra-tjetr\u00ebn n\u00eb forma t\u00eb parregullta, pa hierarki, por me nj\u00eb harmoni t\u00eb g\u00ebzueshme, shkruan Anna La Rosa n\u00eb nj\u00eb artikull t\u00eb botuar n\u00eb t\u00eb p\u00ebrditshmen italiane \u201cIl Giornale\u201d.<\/p>\n<p>Dhe menj\u00ebher\u00eb nj\u00eb tjet\u00ebr surpriz\u00eb. Nj\u00eb figur\u00eb imponuese, fiziku i nj\u00eb ish-lojtari basketbolli, me nj\u00eb bluz\u00eb polo, pantallona t\u00eb zeza dhe atlete t\u00eb bardha. P\u00ebr nj\u00eb \u00e7ast ndihesh n\u00eb siklet, por shikimi i tij i buz\u00ebqeshur t\u00eb qet\u00ebson. Relaksohesh dhe syri fillimisht, t\u00eb shkon te nj\u00eb var\u00ebse rrobash plot me kravat\u00eb shum\u00ebngjyr\u00ebshe, pastaj te tavolina e mbushur me stilolapsa me ngjyra dhe shkum\u00ebsa. Arti dhe politika jan\u00eb t\u00eb nd\u00ebrthurura ngusht\u00eb p\u00ebr Ram\u00ebn, djalin e nj\u00eb piktori dhe skulptori. Ulemi dhe ai rifillon t\u00eb vizatoj\u00eb\u2026<\/p>\n<p>Para se t\u00eb takoheshit me Giorgia Melonin n\u00eb Rom\u00eb t\u00eb enjten, e quajt\u00ebt at\u00eb \u201cmot\u00ebr\u201d n\u00eb Instagram. Si shkoi?<\/p>\n<p>Rama: \u201cShum\u00eb mir\u00eb, si gjithmon\u00eb. Edhe nj\u00eb her\u00eb pata konfirmimin se kryeministrja juaj ka nj\u00eb vizion t\u00eb qart\u00eb strategjik t\u00eb marr\u00ebdh\u00ebnies mes vendeve tona, s\u00eb cil\u00ebs i kushton nj\u00eb v\u00ebmendje t\u00eb ve\u00e7ant\u00eb pavar\u00ebsisht angazhimeve t\u00eb shumta t\u00eb brendshme dhe nd\u00ebrkomb\u00ebtare\u201d.<\/p>\n<p>Ju keni verifikuar zbatimin e marr\u00ebveshjeve Itali-Shqip\u00ebri p\u00ebr migrant\u00ebt. Por tani q\u00eb qendrat jan\u00eb shpallur gjithashtu legjitime nga Evropa, a po e shohin vendet e tjera k\u00ebt\u00eb si model dhe po trokasin n\u00eb der\u00ebn tuaj?<\/p>\n<p>Rama: \u201cPas vendimit mbi ligjshm\u00ebrin\u00eb kan\u00eb ardhur k\u00ebrkesa edhe nga vende t\u00eb tjera evropiane. Por dua t\u00eb jem i qart\u00eb, ky \u00ebsht\u00eb nj\u00eb koncesion ekskluziv p\u00ebr Italin\u00eb. Marr\u00ebveshja me Rom\u00ebn nuk mund t\u00eb p\u00ebrs\u00ebritet\u201d.<\/p>\n<p>Ju keni qen\u00eb kryetar i Bashkis\u00eb s\u00eb Tiran\u00ebs nga 2001 deri n\u00eb 2011 dhe drejtoni k\u00ebt\u00eb vend q\u00eb nga viti 2013. Si ishte Shqip\u00ebria dje dhe si \u00ebsht\u00eb sot?<\/p>\n<p>Rama: \u201cKur fillova k\u00ebt\u00eb pun\u00eb, PBB-ja e Shqip\u00ebris\u00eb ishte m\u00eb pak se 10 miliard\u00eb euro. Sot \u00ebsht\u00eb 27 miliard\u00eb euro. Kishim 2 milion\u00eb turist\u00eb, duke p\u00ebrfshir\u00eb edhe shqiptar\u00ebt q\u00eb ktheheshin nga nj\u00eb udh\u00ebtim\u2026 Sot turist\u00ebt e v\u00ebrtet\u00eb jan\u00eb 8 milion\u00eb\u201d.<\/p>\n<p>Investimet e huaja direkte ishin 400 milion\u00eb euro. Sot, jan\u00eb mbi 1.5 miliard\u00eb. Si po shkon modernizimi institucional i Shqip\u00ebris\u00eb?<\/p>\n<p>Rama: \u201cKemi p\u00ebrmir\u00ebsuar dhe forcuar sistemin e drejt\u00ebsis\u00eb p\u00ebrmes vler\u00ebsimit t\u00eb gjyqtar\u00ebve dhe prokuror\u00ebve t\u00eb korruptuar. Ndarja e karrierave, t\u00eb cil\u00ebn e keni paraqitur n\u00eb nj\u00eb referendum, \u00ebsht\u00eb di\u00e7ka q\u00eb e kemi pasur prej koh\u00ebsh, si\u00e7 kan\u00eb b\u00ebr\u00eb pothuajse t\u00eb gjitha vendet evropiane. Ne kemi k\u00ebshilla t\u00eb ndara t\u00eb gjyqtar\u00ebve dhe t\u00eb prokuror\u00ebve. At\u00ebher\u00eb, kur po hartonim reform\u00ebn, tham\u00eb: nuk duhet t\u00eb b\u00ebjm\u00eb gabimin e Italis\u00eb.\u201d<\/p>\n<p>\u00c7far\u00eb progresi keni arritur n\u00eb sektor\u00ebt e sh\u00ebrbimeve dhe administrat\u00ebs publike?<\/p>\n<p>Rama: \u201cP\u00ebr vite me radh\u00eb, nuk ka pasur radh\u00eb p\u00ebr nj\u00eb certifikat\u00eb oapo licens\u00eb n\u00eb zyrat publike. Gjith\u00e7ka ndodh n\u00ebp\u00ebrmjet celularit dhe kompjuterit. Ende nuk i kemi digjitalizuar martesat, gjurm\u00ebt e gisht\u00ebrinjve dhe kadastr\u00ebn ku duhet v\u00ebn\u00eb rregull, sepse pas p\u00ebrfundimit t\u00eb diktatur\u00ebs komuniste t\u00eb drejtat e pron\u00ebsis\u00eb ishin shp\u00ebrndar\u00eb n\u00eb m\u00ebnyr\u00eb kaotike, dhe m\u00eb pas ka pasur shkelje t\u00eb nd\u00ebrtimit q\u00eb u fal\u00ebn. P\u00ebrve\u00e7 kadastr\u00ebs, brenda vitit 2028 do t\u00eb kemi digjitalizuar gjith\u00e7ka\u201d.<\/p>\n<p>Em\u00ebrimi i nj\u00eb ministreje virtuale, t\u00eb quajtur Diella, e krijuar nga inteligjenca artificiale, ka zgjuar interesin e bot\u00ebs. A ka ndihmuar n\u00eb p\u00ebrmir\u00ebsimin e efikasitetit t\u00eb Shqip\u00ebris\u00eb?<\/p>\n<p>Rama: \u201cKa ndihmuar shum\u00eb, pasi \u00ebsht\u00eb asistenti digjital i t\u00eb gjith\u00eb shqiptar\u00ebve. Po p\u00ebrgatisim versionin e ri, t\u00eb thjeshtuar, ku nuk do t\u00eb duhet m\u00eb t\u00eb shkruhen k\u00ebrkesat, do t\u00eb mjaftoj\u00eb t\u00eb flitet me FaceTime dhe asistenti digjital do t\u00eb ofroj\u00eb sh\u00ebrbimin\u201d.<\/p>\n<p>Diella do t\u00eb jet\u00eb gjithashtu p\u00ebrgjegj\u00ebse p\u00ebr prokurimin publik\u2026<\/p>\n<p>Rama: \u201cPo, jemi n\u00eb rrug\u00eb t\u00eb mbar\u00eb p\u00ebr t\u00eb pasur prokurimin publik t\u00eb administruar nga inteligjenca artificiale, pa nd\u00ebrhyrjen e njer\u00ebzve, dhe p\u00ebr k\u00ebt\u00eb arsye m\u00eb transparente.\u201d<\/p>\n<p>Sa \u00ebsht\u00eb forcuar marr\u00ebdh\u00ebnia e ve\u00e7ant\u00eb me Italin\u00eb, e cila \u00ebsht\u00eb e gjat\u00eb dhe jo vet\u00ebm gjeografike, n\u00ebn drejtimin e kryeministres Giorgia Meloni?<\/p>\n<p>Rama: \u201cT\u00eb gjitha qeverit\u00eb italiane kan\u00eb qen\u00eb shum\u00eb respektuese dhe t\u00eb hapura. Megjithat\u00eb, q\u00eb kur kjo qeveri mori detyr\u00ebn, kemi kaluar nga idet\u00eb e bukura n\u00eb let\u00ebr te projektet konkrete, n\u00eb sektor\u00eb t\u00eb r\u00ebnd\u00ebsish\u00ebm si infrastruktura, energjia, mbrojtja dhe kujdesi sh\u00ebndet\u00ebsor. Kemi nj\u00eb marr\u00ebveshje me \u201cFincantieri\u201d (kompani italiane nd\u00ebrtimi anijesh me seli n\u00eb Trieste, Itali), si nj\u00eb sip\u00ebrmarrje e p\u00ebrbashk\u00ebt, do t\u00eb nd\u00ebrtojm\u00eb anije t\u00eb vogla dhe t\u00eb mesme q\u00eb do t\u00eb eksportohen, duke zgjeruar k\u00ebshtu kapacitetin prodhues t\u00eb \u201cFincantieri-t.<\/p>\n<p>Jemi n\u00eb marr\u00ebdh\u00ebnie shum\u00eb t\u00eb mira me Leonardo me nj\u00eb paket\u00eb aktivitetesh p\u00ebr mbrojtjen.<\/p>\n<p>\u201cKemi n\u00ebnshkruar nj\u00eb marr\u00ebveshje strategjike, q\u00eb na jep mund\u00ebsin\u00eb t\u00eb lidhemi drejtp\u00ebrdrejt me ekselencat italiane dhe t\u00eb sjellim k\u00ebtu p\u00ebrvoj\u00ebn e tyre n\u00eb kujdesin sh\u00ebndet\u00ebsor, arsim dhe trajnim. Ka edhe nj\u00eb projekt tjet\u00ebr t\u00eb r\u00ebnd\u00ebsish\u00ebm q\u00eb lidhet me aktivitetet portuale\u201d.<\/p>\n<p>Transformimi urbanistik i Shqip\u00ebris\u00eb me nd\u00ebrtesa t\u00eb projektuara nga arkitekt\u00eb me em\u00ebr si Liebeskind dhe Boeri bie ndesh me narrativ\u00ebn q\u00eb e p\u00ebrshkruan vendin tuaj t\u00eb dominuar nga kriminaliteti dhe pastrimi i parave t\u00eb pista.<\/p>\n<p>Rama: \u201cShqip\u00ebria \u00ebsht\u00eb nj\u00eb vend mjaft i sigurt. E thon\u00eb t\u00eb gjith\u00eb ata q\u00eb vijn\u00eb k\u00ebtu dhe q\u00eb ndryshojn\u00eb menj\u00ebher\u00eb mendim p\u00ebr k\u00ebt\u00eb tem\u00eb. Problemin e korrupsionit dhe t\u00eb pastrimit t\u00eb parave po e trajtojm\u00eb n\u00eb m\u00ebnyr\u00eb serioze. Tashm\u00eb e kemi l\u00ebn\u00eb pas faz\u00ebn negative. Tani b\u00ebhet fjal\u00eb p\u00ebr t\u00eb holluar \u201chelmin\u201d q\u00eb mbetet n\u00eb ujin e nj\u00ebfar\u00eb narrative t\u00eb disa reportazheve q\u00eb hedhin balt\u00eb mbi ne dhe tregojn\u00eb zhvillimin ton\u00eb si nj\u00eb vep\u00ebr t\u00eb krimit t\u00eb organizuar\u201d.<\/p>\n<p>A po gjurmohen 560 milion\u00eb eurot e investuara n\u00eb nd\u00ebrtime private deri n\u00eb vitin 2025?<\/p>\n<p>Rama: \u201c\u00cbsht\u00eb \u00e7menduri t\u00eb flas\u00ebsh p\u00ebr k\u00ebto nd\u00ebrtesa n\u00eb nd\u00ebrtim e sip\u00ebr dhe t\u00eb tjera q\u00eb presin miratim, si shembuj flagrant\u00eb t\u00eb pastrimit t\u00eb parave t\u00eb pista. T\u00eb gjitha transaksionet p\u00ebr k\u00ebto projekte kryhen p\u00ebrmes bankave dhe bankat k\u00ebtu jan\u00eb kryesisht nd\u00ebrkomb\u00ebtare. T\u00eb pretendosh t\u00eb kund\u00ebrt\u00ebn \u00ebsht\u00eb e neveritshme.\u201d<\/p>\n<p>Shqip\u00ebria \u00ebsht\u00eb an\u00ebtare e NATO-s q\u00eb nga viti 2009 dhe aktualisht \u00ebsht\u00eb n\u00eb K\u00ebshillin e Paqes t\u00eb udh\u00ebhequr nga Trump. Nd\u00ebrkoh\u00eb, konflikti me Iranin ka shp\u00ebrthyer. Si e shihni k\u00ebt\u00eb situat\u00eb gjeopolitike?<\/p>\n<p>Rama: \u201cJetojm\u00eb n\u00eb nj\u00eb moment delikat p\u00ebr demokracit\u00eb per\u00ebndimore q\u00eb duken n\u00eb r\u00ebnie nd\u00ebrsa shfaqen fuqi t\u00eb reja. Por burimet e Evrop\u00ebs dhe Amerik\u00ebs n\u00eb radh\u00eb t\u00eb par\u00eb jan\u00eb ende t\u00eb forta.<\/p>\n<p>Me rrezikun e t\u00eb qenit jopopullor, mendoj se Trump \u00ebsht\u00eb nj\u00eb mund\u00ebsi p\u00ebr Evrop\u00ebn q\u00eb m\u00eb n\u00eb fund t\u00eb zgjohet. N\u00ebse \u2013 si\u00e7 thot\u00eb Trump \u2013 Zoti ka nj\u00eb plan me zgjedhjen e tij, ai nuk \u00ebsht\u00eb vet\u00ebm shp\u00ebtimi i Amerik\u00ebs, por edhe i Evrop\u00ebs, e cila nuk mund t\u00eb jetoj\u00eb me lavdit\u00eb e s\u00eb kaluar\u00ebs. Trump \u00ebsht\u00eb nj\u00eb nxit\u00ebs p\u00ebr Evrop\u00ebn sepse po v\u00eb gishtin n\u00eb plag\u00ebt e saj. Por Evropa duhet t\u00eb gjej\u00eb kur\u00ebn.\u201d<\/p>\n<p>N\u00eb jav\u00ebt e fundit, kemi par\u00eb tone shum\u00eb t\u00eb ashpra n\u00eb debatin nd\u00ebrkomb\u00ebtar \u2013 edhe n\u00eb p\u00ebrplasjen n\u00eb distanc\u00eb midis Donald Trump dhe Giorgia Melonit, t\u00eb shkaktuar nga q\u00ebndrimi ndaj Pap\u00ebs. Pa hyr\u00eb n\u00eb meritat e q\u00ebndrimeve individuale, ju pyes, sa po ndryshon, kjo gjuh\u00eb shpesh agresive, cil\u00ebsin\u00eb e diskursit politik n\u00eb demokracit\u00eb per\u00ebndimore?<\/p>\n<p>Rama: \u201cProblemi i demokracive sot \u00ebsht\u00eb komunikimi publik i klas\u00ebs politike q\u00eb pasqyron di\u00e7ka shum\u00eb t\u00eb r\u00ebnd\u00eb dhe shum\u00eb m\u00eb t\u00eb thell\u00eb q\u00eb ndodh n\u00eb komunikimin e p\u00ebrgjithsh\u00ebm t\u00eb shoq\u00ebris\u00eb son\u00eb per\u00ebndimore, ku rrjetet sociale kan\u00eb rr\u00ebzuar t\u00eb gjitha muret e mir\u00ebsjelljes dhe kan\u00eb krijuar nj\u00eb mo\u00e7al plot infeksione. P\u00ebr mua \u00ebsht\u00eb nj\u00eb makth kur imagjinoj se si do t\u00eb jet\u00eb brezi i ri i politikan\u00ebve dhe lider\u00ebve per\u00ebndimor\u00eb\u201d.<\/p>\n<p>A do t\u2019i ndaloni rrjetet sociale p\u00ebr t\u00eb miturit n\u00eb Shqip\u00ebri?<\/p>\n<p>Rama: \u201cNuk mund t\u2019i ndalosh n\u00ebse nuk ka identifikim individual dhe p\u00ebrgjegj\u00ebsi p\u00ebr at\u00eb q\u00eb shkruhet. Si mund ta dish se kush fshihet pas nj\u00eb profili? N\u00ebse \u00ebsht\u00eb babai apo djali?\u201d<\/p>\n<p>Ju e bllokuat TikTok-un, por m\u00eb pas e rihap\u00ebt. Pse?<\/p>\n<p>Rama: \u201cPrisnim nj\u00eb reagim t\u00eb ashp\u00ebr nga ana e TikTok-ut. Dhe p\u00ebrkundrazi drejtuesit e tyre erdh\u00ebn tek ne me mir\u00ebsjellje p\u00ebr t\u00eb d\u00ebgjuar shqet\u00ebsimet tona dhe p\u00ebr t\u00eb punuar s\u00eb bashku p\u00ebr t\u00eb korrigjuar at\u00eb q\u00eb nuk shkonte. Kur i k\u00ebrkova Drejtoresh\u00ebs s\u00eb Marr\u00ebdh\u00ebnieve Nd\u00ebrkomb\u00ebtare t\u00eb TikTok-ut pse nuk b\u00ebnin t\u00eb nj\u00ebjtat negociata me vende t\u00eb tjera, p\u00ebrgjigjja ishte: Sepse nuk na e kan\u00eb k\u00ebrkuar. Shqip\u00ebria \u00ebsht\u00eb i vetmi vend q\u00eb i adreson k\u00ebto probleme\u201d.<\/p>\n<p>Edi Rama e shk\u00ebput p\u00ebr nj\u00eb \u00e7ast shikimin. Merr nj\u00eb flet\u00eb t\u00eb bardh\u00eb, dy lapsa me ngjyra, blu dhe portokalli dhe rifillon t\u00eb vizatoj\u00eb.<\/p>\n<p>Mes shum\u00eb angazhimeve institucionale gjen koh\u00eb p\u00ebr t\u00eb pikturuar?<\/p>\n<p>Rama: \u201cUn\u00eb pikturoj gjithmon\u00eb sepse \u00ebsht\u00eb nj\u00eb aktivitet i ndar\u00eb nga t\u00eb folurit dhe nga komunikimi. Nd\u00ebrsa flas dhe komunikoj un\u00eb pikturoj. Edhe kur jam pas k\u00ebsaj tavoline un\u00eb pikturoj\u2026\u201d.<\/p>\n<p>A jan\u00eb ato kravatat e mrekullueshme t\u00eb realizuara nga ju p\u00ebr shitje?<\/p>\n<p>Rama: \u201cJo. I kam b\u00ebr\u00eb p\u00ebr k\u00ebnaq\u00ebsin\u00eb time me nj\u00eb shoqe shkolle q\u00eb kur ishim t\u00eb vegj\u00ebl. I vizatoj dhe pastaj ajo i printon, por jo p\u00ebr t\u2019i shitur\u201d.<\/p>\n<p>https:\/\/www.ilgiornale.it\/news\/politica\/molti-paesi-europei-ce-lhanno-richiesto-laccordo-sul-cpr-2653133.html<\/p>","protected":false},"excerpt":{"rendered":"<p>ROM\u00cb, 20 prill \/ATSH\/- T\u00eb hysh n\u00eb studion e Edi Ram\u00ebs \u00ebsht\u00eb nj\u00eb goditje e papritur. Pasi i n\u00ebnshtrosh kontrolleve t\u00eb rrepta, ke l\u00ebn\u00eb celularin, or\u00ebn dhe \u00e7do objekt tjet\u00ebr, kalon n\u00ebp\u00ebr korridore ku mbret\u00ebron nj\u00eb heshtje e thell\u00eb. Hapet dera dhe skenari ndryshon papritur. N\u00eb mure njolla t\u00eb kuqe, portokalli, t\u00eb verdha, jeshile, blu, [&hellip;]<\/p>\n","protected":false},"author":0,"featured_media":0,"comment_status":"open","ping_status":"open","sticky":false,"template":"","format":"standard","meta":{"footnotes":""},"categories":[1],"tags":[],"class_list":["post-83064","post","type-post","status-publish","format-standard","hentry","category-uncategorized"],"_links":{"self":[{"href":"https:\/\/zennihost.com\/test\/wp-json\/wp\/v2\/posts\/83064","targetHints":{"allow":["GET"]}}],"collection":[{"href":"https:\/\/zennihost.com\/test\/wp-json\/wp\/v2\/posts"}],"about":[{"href":"https:\/\/zennihost.com\/test\/wp-json\/wp\/v2\/types\/post"}],"replies":[{"embeddable":true,"href":"https:\/\/zennihost.com\/test\/wp-json\/wp\/v2\/comments?post=83064"}],"version-history":[{"count":0,"href":"https:\/\/zennihost.com\/test\/wp-json\/wp\/v2\/posts\/83064\/revisions"}],"wp:attachment":[{"href":"https:\/\/zennihost.com\/test\/wp-json\/wp\/v2\/media?parent=83064"}],"wp:term":[{"taxonomy":"category","embeddable":true,"href":"https:\/\/zennihost.com\/test\/wp-json\/wp\/v2\/categories?post=83064"},{"taxonomy":"post_tag","embeddable":true,"href":"https:\/\/zennihost.com\/test\/wp-json\/wp\/v2\/tags?post=83064"}],"curies":[{"name":"wp","href":"https:\/\/api.w.org\/{rel}","templated":true}]}}