{"id":83061,"date":"2026-04-20T11:48:13","date_gmt":"2026-04-20T11:48:13","guid":{"rendered":"https:\/\/zennihost.com\/test\/2026\/04\/20\/situate-alarmante-ne-elbasan-tymi-dhe-aroma-e-rende-mbulojne-zonen-industriale\/"},"modified":"2026-04-20T11:48:13","modified_gmt":"2026-04-20T11:48:13","slug":"situate-alarmante-ne-elbasan-tymi-dhe-aroma-e-rende-mbulojne-zonen-industriale","status":"publish","type":"post","link":"https:\/\/zennihost.com\/test\/2026\/04\/20\/situate-alarmante-ne-elbasan-tymi-dhe-aroma-e-rende-mbulojne-zonen-industriale\/","title":{"rendered":"Situat\u00eb alarmante n\u00eb Elbasan, tymi dhe aroma e r\u00ebnd\u00eb mbulojn\u00eb zon\u00ebn industriale \u2013"},"content":{"rendered":"<div>\n<p>Nj\u00eb situat\u00eb shqet\u00ebsuese mjedisore \u00ebsht\u00eb raportuar paraditen e sotme n\u00eb Elbasan, ku banor\u00ebt q\u00eb jetojn\u00eb n\u00eb af\u00ebrsi t\u00eb zon\u00ebs industriale t\u00eb njohur si ish-Kombinati Metalurgjik kan\u00eb ngritur alarmin p\u00ebr ndotje t\u00eb r\u00ebnd\u00eb t\u00eb ajrit.<\/p>\n<div class=\"ai-viewport-2 ai-viewport-3\">\n<p>Sipas d\u00ebshmive t\u00eb banor\u00ebve, n\u00eb or\u00ebt e para t\u00eb dit\u00ebs jan\u00eb shfaqur sht\u00ebllunga t\u00eb dendura tymi q\u00eb kan\u00eb pushtuar zon\u00ebn p\u00ebrreth, t\u00eb shoq\u00ebruara me nj\u00eb arom\u00eb t\u00eb padurueshme q\u00eb \u00ebsht\u00eb p\u00ebrhapur n\u00eb t\u00eb gjitha drejtimet. Situata ka krijuar shqet\u00ebsim t\u00eb madh, sidomos p\u00ebr familjet me f\u00ebmij\u00eb dhe t\u00eb moshuar, t\u00eb cil\u00ebt raportojn\u00eb v\u00ebshtir\u00ebsi n\u00eb frym\u00ebmarrje dhe irritim t\u00eb fort\u00eb nga era e r\u00ebnd\u00eb.<\/p>\n<\/div>\n<p>Ajo q\u00eb e b\u00ebn edhe m\u00eb alarmante situat\u00ebn \u00ebsht\u00eb fakti se ende nuk dihet burimi i sakt\u00eb i ndotjes. Dyshimet e para lidhen me aktivitet t\u00eb pakontrolluar n\u00eb territorin e ish-kombinatit, nj\u00eb zon\u00eb q\u00eb prej vitesh \u00ebsht\u00eb kthyer n\u00eb nj\u00eb pik\u00eb problematike p\u00ebr mjedisin dhe sigurin\u00eb.<\/p>\n<div class=\"ai-viewport-2 ai-viewport-3\">\n<p>Banor\u00ebt k\u00ebrkojn\u00eb nd\u00ebrhyrje t\u00eb menj\u00ebhershme nga institucionet p\u00ebrgjegj\u00ebse p\u00ebr t\u00eb identifikuar shkakun e k\u00ebsaj ndotjeje dhe p\u00ebr t\u00eb marr\u00eb masa urgjente, p\u00ebrpara se situata t\u00eb p\u00ebrshkall\u00ebzohet m\u00eb tej. Ata theksojn\u00eb se episode t\u00eb tilla jan\u00eb b\u00ebr\u00eb t\u00eb p\u00ebrs\u00ebritura dhe rrezikojn\u00eb seriozisht sh\u00ebndetin e komunitetit.<\/p>\n<\/div>\n<p>\u00a0<\/p>\n<div>Nd\u00ebrkoh\u00eb, pritet reagimi i autoriteteve mjedisore dhe strukturave t\u00eb emergjenc\u00ebs p\u00ebr t\u00eb monitoruar cil\u00ebsin\u00eb e ajrit dhe p\u00ebr t\u00eb hetuar burimin e tymit q\u00eb ka v\u00ebn\u00eb n\u00eb alarm nj\u00eb zon\u00eb t\u00eb t\u00ebr\u00eb t\u00eb qytetit.<\/div>\n<p>\u00a0<\/p>\n<p><!-- CONTENT END 2 --><\/p>\n<\/div>","protected":false},"excerpt":{"rendered":"<p>Nj\u00eb situat\u00eb shqet\u00ebsuese mjedisore \u00ebsht\u00eb raportuar paraditen e sotme n\u00eb Elbasan, ku banor\u00ebt q\u00eb jetojn\u00eb n\u00eb af\u00ebrsi t\u00eb zon\u00ebs industriale t\u00eb njohur si ish-Kombinati Metalurgjik kan\u00eb ngritur alarmin p\u00ebr ndotje t\u00eb r\u00ebnd\u00eb t\u00eb ajrit. Sipas d\u00ebshmive t\u00eb banor\u00ebve, n\u00eb or\u00ebt e para t\u00eb dit\u00ebs jan\u00eb shfaqur sht\u00ebllunga t\u00eb dendura tymi q\u00eb kan\u00eb pushtuar zon\u00ebn p\u00ebrreth, [&hellip;]<\/p>\n","protected":false},"author":0,"featured_media":0,"comment_status":"open","ping_status":"open","sticky":false,"template":"","format":"standard","meta":{"footnotes":""},"categories":[1],"tags":[],"class_list":["post-83061","post","type-post","status-publish","format-standard","hentry","category-uncategorized"],"_links":{"self":[{"href":"https:\/\/zennihost.com\/test\/wp-json\/wp\/v2\/posts\/83061","targetHints":{"allow":["GET"]}}],"collection":[{"href":"https:\/\/zennihost.com\/test\/wp-json\/wp\/v2\/posts"}],"about":[{"href":"https:\/\/zennihost.com\/test\/wp-json\/wp\/v2\/types\/post"}],"replies":[{"embeddable":true,"href":"https:\/\/zennihost.com\/test\/wp-json\/wp\/v2\/comments?post=83061"}],"version-history":[{"count":0,"href":"https:\/\/zennihost.com\/test\/wp-json\/wp\/v2\/posts\/83061\/revisions"}],"wp:attachment":[{"href":"https:\/\/zennihost.com\/test\/wp-json\/wp\/v2\/media?parent=83061"}],"wp:term":[{"taxonomy":"category","embeddable":true,"href":"https:\/\/zennihost.com\/test\/wp-json\/wp\/v2\/categories?post=83061"},{"taxonomy":"post_tag","embeddable":true,"href":"https:\/\/zennihost.com\/test\/wp-json\/wp\/v2\/tags?post=83061"}],"curies":[{"name":"wp","href":"https:\/\/api.w.org\/{rel}","templated":true}]}}