{"id":81360,"date":"2026-04-11T10:08:27","date_gmt":"2026-04-11T10:08:27","guid":{"rendered":"https:\/\/zennihost.com\/test\/2026\/04\/11\/mbappe-i-gjakosur-ne-zone-ne-real-girona-arbeloa-kur-nuk-duan-mbyllin-njerin-sy\/"},"modified":"2026-04-11T10:08:27","modified_gmt":"2026-04-11T10:08:27","slug":"mbappe-i-gjakosur-ne-zone-ne-real-girona-arbeloa-kur-nuk-duan-mbyllin-njerin-sy","status":"publish","type":"post","link":"https:\/\/zennihost.com\/test\/2026\/04\/11\/mbappe-i-gjakosur-ne-zone-ne-real-girona-arbeloa-kur-nuk-duan-mbyllin-njerin-sy\/","title":{"rendered":"Mbapp\u00e9 i gjakosur n\u00eb zon\u00eb n\u00eb Real-Girona, Arbeloa: \u201cKur nuk duan, mbyllin nj\u00ebrin sy\u201d"},"content":{"rendered":"<p>Real Madrid nuk shkoi p\u00ebrtej nj\u00eb barazimi n\u00eb sht\u00ebpi kund\u00ebr Girona-s dhe praktikisht i jep Barcelon\u00ebs nj\u00eb asist p\u00ebr t\u00eb marr\u00eb n\u00eb sht\u00ebpi La Liga-n. Pa fitore n\u00eb tre ndeshjet e fundit t\u00eb luajtura: humbje 2-1 n\u00eb Mallorca n\u00eb kampionat dhe n\u00eb sht\u00ebpi kund\u00ebr Bayern Munich n\u00eb ndeshjen e par\u00eb t\u00eb \u00e7erekfinaleve t\u00eb Champions League, vjen nj\u00eb barazim me Girona-n. Nj\u00eb mbr\u00ebmje e shtremb\u00ebr p\u00ebr Blancos, e b\u00ebr\u00eb edhe m\u00eb nervoze dhe e mbushur me tension p\u00ebr shkak t\u00eb atij penalltie t\u00eb pafishk\u00ebllyer ndaj Kylian Mbapp\u00e9. Francezi n\u00eb minut\u00ebn e 68-t\u00eb kishte hyr\u00eb n\u00eb zon\u00ebn e rrept\u00ebsis\u00eb duke dribluar nj\u00eb apo dy mbrojt\u00ebs dhe dukej gati t\u00eb mposhtte edhe Victor Reis, por u rr\u00ebzua dhe mbeti n\u00eb tok\u00eb i gjakosur pasi mori nj\u00eb goditje n\u00eb kok\u00eb.<\/p>\n<p>Mbapp\u00e9, derribado por un brazo en la cara: por qu\u00e9 esta acci\u00f3n es penalti claro seg\u00fan la Regla 12 del IFAB.<\/p>\n<p>El penalti a Mbapp\u00e9, conforme a las Reglas de Juego del IFAB, se entiende mejor si se descompone la acci\u00f3n en elementos reglamentarios.<\/p>\n<p>En la jugada, Mbapp\u00e9 entra en el\u2026 <a href=\"https:\/\/t.co\/jD9ZBtgChy\">pic.twitter.com\/jD9ZBtgChy<\/a><\/p>\n<p>\u2014 Miguel Galan (@MiguelGalanCNFE) <a href=\"https:\/\/twitter.com\/MiguelGalanCNFE\/status\/2042731188436242641?ref_src=twsrc%5Etfw\">April 10, 2026<\/a><\/p>\n\n<h4><strong>\u00c7far\u00eb ndodhi?<\/strong><\/h4>\n<p>Arbitri nuk vendosi p\u00ebr penallti, as p\u00ebr faull dhe as p\u00ebr ndonj\u00eb sanksion ndaj mbrojt\u00ebsit t\u00eb Girona-s. Rip\u00ebrs\u00ebritjet, t\u00eb shfaqura menj\u00ebher\u00eb pas r\u00ebnies s\u00eb Mbapp\u00e9, evidentuan nj\u00eb b\u00ebrryl t\u00eb qart\u00eb t\u00eb mbrojt\u00ebsit n\u00eb fytyr\u00ebn e Mbapp\u00e9, por VAR nuk k\u00ebrkoi rishikimin e aksionit. Real Madrid nuk arriti t\u00eb reagoj\u00eb dhe u detyrua t\u00eb k\u00ebnaqet me nj\u00eb barazim, q\u00eb e \u00e7on n\u00eb gjasht\u00eb pik\u00eb larg Barcelon\u00ebs, nd\u00ebrsa blaugranat do t\u00eb p\u00ebrballen nes\u00ebr me Espanyol, me mund\u00ebsin\u00eb p\u00ebr t\u2019u \u00e7uar n\u00eb n\u00ebnt\u00eb pik\u00eb avantazh.<\/p>\n<p>Mbapp\u00e9 mbeti n\u00eb tok\u00eb p\u00ebr nj\u00eb koh\u00eb t\u00eb gjat\u00eb me fytyr\u00ebn e p\u00ebrgjakur. Francezi kishte nj\u00eb prerje t\u00eb dukshme n\u00eb ball\u00eb dhe pyeste se \u00e7far\u00eb tjet\u00ebr duhej t\u00eb shihte arbitri p\u00ebr t\u00eb akorduar penallti. N\u00eb fakt, u konsiderua si nj\u00eb nd\u00ebrhyrje e rast\u00ebsishme loje, por jo q\u00ebllimisht faulluese nga ana e mbrojt\u00ebsit t\u00eb Girona-s. \u201cFaulli \u00ebsht\u00eb i past\u00ebr dhe i duksh\u00ebm, edhe n\u00eb h\u00ebn\u00eb \u2013 tha Arbeloa n\u00eb konferenc\u00eb p\u00ebr shtyp pas ndeshjes -. Edhe k\u00ebt\u00eb jav\u00eb \u00ebsht\u00eb gjithmon\u00eb e nj\u00ebjta histori, pse VAR nuk nd\u00ebrhyri? Nd\u00ebrhyjn\u00eb kur duan, nd\u00ebrsa kur nuk duan mbyllin nj\u00ebrin sy\u201d.<\/p>\n<h4><strong>Situata e renditjes s\u00eb Real Madrid<\/strong><\/h4>\n<p>Polemikat nuk ndalen dhe nd\u00ebrkoh\u00eb Mbapp\u00e9 ka rifilluar t\u00eb luaj\u00eb pavar\u00ebsisht disa qepjeve t\u00eb vogla. Real Madrid rrezikon t\u00eb mbyll\u00eb nj\u00eb sezon p\u00ebr t\u00eb th\u00ebn\u00eb pak zhg\u00ebnjyes, me nj\u00eb ndryshim n\u00eb stol p\u00ebr shkak t\u00eb shkarkimit t\u00eb Xabi Alonso, i cili sigurisht nuk e ka favorizuar rritjen e skuadr\u00ebs dhe projektit q\u00eb ka p\u00ebrfunduar plot\u00ebsisht i shkat\u00ebrruar. La Liga, n\u00eb rast se Barcelona mund Espanyol-in, duket tashm\u00eb e gjitha e blaugranave. N\u00eb sfond p\u00ebr Merengues \u00ebsht\u00eb mund\u00ebsia e afrimit t\u00eb Didier Deschamps si trajneri i ardhsh\u00ebm.<\/p>\n<p>The post <a href=\"https:\/\/lapsi.al\/2026\/04\/11\/mbappe-i-gjakosur-ne-zone-ne-real-girona-arbeloa-kur-nuk-duan-mbyllin-njerin-sy\/\">Mbapp\u00e9 i gjakosur n\u00eb zon\u00eb n\u00eb Real-Girona, Arbeloa: \u201cKur nuk duan, mbyllin nj\u00ebrin sy\u201d<\/a> appeared first on <a href=\"https:\/\/lapsi.al\/\">Lapsi.al<\/a>.<\/p>","protected":false},"excerpt":{"rendered":"<p>Real Madrid nuk shkoi p\u00ebrtej nj\u00eb barazimi n\u00eb sht\u00ebpi kund\u00ebr Girona-s dhe praktikisht i jep Barcelon\u00ebs nj\u00eb asist p\u00ebr t\u00eb marr\u00eb n\u00eb sht\u00ebpi La Liga-n. Pa fitore n\u00eb tre ndeshjet e fundit t\u00eb luajtura: humbje 2-1 n\u00eb Mallorca n\u00eb kampionat dhe n\u00eb sht\u00ebpi kund\u00ebr Bayern Munich n\u00eb ndeshjen e par\u00eb t\u00eb \u00e7erekfinaleve t\u00eb Champions League, [&hellip;]<\/p>\n","protected":false},"author":0,"featured_media":0,"comment_status":"open","ping_status":"open","sticky":false,"template":"","format":"standard","meta":{"footnotes":""},"categories":[1],"tags":[],"class_list":["post-81360","post","type-post","status-publish","format-standard","hentry","category-uncategorized"],"_links":{"self":[{"href":"https:\/\/zennihost.com\/test\/wp-json\/wp\/v2\/posts\/81360","targetHints":{"allow":["GET"]}}],"collection":[{"href":"https:\/\/zennihost.com\/test\/wp-json\/wp\/v2\/posts"}],"about":[{"href":"https:\/\/zennihost.com\/test\/wp-json\/wp\/v2\/types\/post"}],"replies":[{"embeddable":true,"href":"https:\/\/zennihost.com\/test\/wp-json\/wp\/v2\/comments?post=81360"}],"version-history":[{"count":0,"href":"https:\/\/zennihost.com\/test\/wp-json\/wp\/v2\/posts\/81360\/revisions"}],"wp:attachment":[{"href":"https:\/\/zennihost.com\/test\/wp-json\/wp\/v2\/media?parent=81360"}],"wp:term":[{"taxonomy":"category","embeddable":true,"href":"https:\/\/zennihost.com\/test\/wp-json\/wp\/v2\/categories?post=81360"},{"taxonomy":"post_tag","embeddable":true,"href":"https:\/\/zennihost.com\/test\/wp-json\/wp\/v2\/tags?post=81360"}],"curies":[{"name":"wp","href":"https:\/\/api.w.org\/{rel}","templated":true}]}}