{"id":81353,"date":"2026-04-11T10:48:17","date_gmt":"2026-04-11T10:48:17","guid":{"rendered":"https:\/\/zennihost.com\/test\/2026\/04\/11\/penalltia-e-mohuar-ndaj-realit-ish-gjyqtari-tregon-pse-nuk-nderhyri-var\/"},"modified":"2026-04-11T10:48:17","modified_gmt":"2026-04-11T10:48:17","slug":"penalltia-e-mohuar-ndaj-realit-ish-gjyqtari-tregon-pse-nuk-nderhyri-var","status":"publish","type":"post","link":"https:\/\/zennihost.com\/test\/2026\/04\/11\/penalltia-e-mohuar-ndaj-realit-ish-gjyqtari-tregon-pse-nuk-nderhyri-var\/","title":{"rendered":"Penalltia e mohuar ndaj Realit, ish-gjyqtari tregon pse nuk nd\u00ebrhyri VAR"},"content":{"rendered":"<p>Real Madrid mund ta fitonte dje ndeshjen me Zhiron\u00ebn, n\u00ebse do t\u00eb akordohej nj\u00eb penallti n\u00eb favor t\u00eb Mbape n\u00eb minut\u00ebn e 88-t\u00eb. Sulmuesi i Realit mbeti i gjakosur n\u00eb fush\u00eb, megjithat\u00eb gjyqtari Alberola Rohas nuk e konsideroi 11-met\u00ebrsh.<\/p>\n<p>P\u00ebrgjegj\u00ebsi i mbetet edhe VAR-it, q\u00eb nuk nd\u00ebrhyri. Aty ku Trujilo Suarez nuk sinjalizoi p\u00ebr rishikim t\u00eb rastit. Ish-gjyqtari, Eduardo IIturalde Gonzalez, e mendon nj\u00eb gabim t\u00eb duksh\u00ebm.<\/p>\n<p>\u201cPse nuk p\u00ebrfshihet VAR? Sepse ka udh\u00ebzime q\u00eb nuk duhet t\u00eb nd\u00ebrhyj\u00eb n\u00eb k\u00ebto lloj loj\u00ebrash. M\u00eb duket si nj\u00eb penallti e qart\u00eb. P\u00ebr mua, \u00ebsht\u00eb nj\u00eb gabim i qart\u00eb dhe i duksh\u00ebm\u201d, u shpreh ish-gjyqtari.<\/p>\n<p>Te Reali e mendojn\u00eb nj\u00eb vjedhje t\u00eb past\u00ebr. Tashm\u00eb Barcelona ka mund\u00ebsin\u00eb q\u00eb t\u00eb shk\u00ebputet me 9 pik\u00eb n\u00eb krye.<\/p>","protected":false},"excerpt":{"rendered":"<p>Real Madrid mund ta fitonte dje ndeshjen me Zhiron\u00ebn, n\u00ebse do t\u00eb akordohej nj\u00eb penallti n\u00eb favor t\u00eb Mbape n\u00eb minut\u00ebn e 88-t\u00eb. Sulmuesi i Realit mbeti i gjakosur n\u00eb fush\u00eb, megjithat\u00eb gjyqtari Alberola Rohas nuk e konsideroi 11-met\u00ebrsh. P\u00ebrgjegj\u00ebsi i mbetet edhe VAR-it, q\u00eb nuk nd\u00ebrhyri. Aty ku Trujilo Suarez nuk sinjalizoi p\u00ebr rishikim [&hellip;]<\/p>\n","protected":false},"author":0,"featured_media":0,"comment_status":"open","ping_status":"open","sticky":false,"template":"","format":"standard","meta":{"footnotes":""},"categories":[1],"tags":[],"class_list":["post-81353","post","type-post","status-publish","format-standard","hentry","category-uncategorized"],"_links":{"self":[{"href":"https:\/\/zennihost.com\/test\/wp-json\/wp\/v2\/posts\/81353","targetHints":{"allow":["GET"]}}],"collection":[{"href":"https:\/\/zennihost.com\/test\/wp-json\/wp\/v2\/posts"}],"about":[{"href":"https:\/\/zennihost.com\/test\/wp-json\/wp\/v2\/types\/post"}],"replies":[{"embeddable":true,"href":"https:\/\/zennihost.com\/test\/wp-json\/wp\/v2\/comments?post=81353"}],"version-history":[{"count":0,"href":"https:\/\/zennihost.com\/test\/wp-json\/wp\/v2\/posts\/81353\/revisions"}],"wp:attachment":[{"href":"https:\/\/zennihost.com\/test\/wp-json\/wp\/v2\/media?parent=81353"}],"wp:term":[{"taxonomy":"category","embeddable":true,"href":"https:\/\/zennihost.com\/test\/wp-json\/wp\/v2\/categories?post=81353"},{"taxonomy":"post_tag","embeddable":true,"href":"https:\/\/zennihost.com\/test\/wp-json\/wp\/v2\/tags?post=81353"}],"curies":[{"name":"wp","href":"https:\/\/api.w.org\/{rel}","templated":true}]}}