{"id":81349,"date":"2026-04-11T10:48:12","date_gmt":"2026-04-11T10:48:12","guid":{"rendered":"https:\/\/zennihost.com\/test\/2026\/04\/11\/hiq-makinen-se-me-ke-zene-rrugen-si-nisi-konflikti-i-djeshem-mes-cangut-dhe-afmatajt-2\/"},"modified":"2026-04-11T10:48:12","modified_gmt":"2026-04-11T10:48:12","slug":"hiq-makinen-se-me-ke-zene-rrugen-si-nisi-konflikti-i-djeshem-mes-cangut-dhe-afmatajt-2","status":"publish","type":"post","link":"https:\/\/zennihost.com\/test\/2026\/04\/11\/hiq-makinen-se-me-ke-zene-rrugen-si-nisi-konflikti-i-djeshem-mes-cangut-dhe-afmatajt-2\/","title":{"rendered":"\u201cHiq makin\u00ebn se m\u00eb ke z\u00ebn\u00eb rrug\u00ebn\u201d, si nisi konflikti i djesh\u00ebm mes \u00c7angut dhe Afmatajt"},"content":{"rendered":"<p>Detaje t\u00eb reja jan\u00eb zbuluar nga konflikti i djesh\u00ebm mes dy fqinj\u00ebve q\u00eb p\u00ebrfundoi n\u00eb vrasje.<\/p>\n<p>Konflikti ka ndodhur mes Eduart Afmatajt dhe Artur \u00c7angut, ku ky i fundit p\u00ebrfundoi i vrar\u00eb.<\/p>\n<p>Sipas hetimeve paraprake, konflikti mes dy fqinj\u00ebve ka nisur rreth 2 vite m\u00eb par\u00eb dhe \u00ebsht\u00eb p\u00ebr \u00e7\u00ebshtje pron\u00ebsie. Por dit\u00ebn e djeshme, konflikti agravoi pasi\u00a0\u00c7angu kishte shkuar n\u00eb banes\u00ebn e prind\u00ebrve t\u00eb tij dhe kishte parkuar automjetin n\u00eb rrug\u00eb.<\/p>\n<p>Kjo ka sjell reagimin e Afmatajt, i cili ka pretenduar se makina i ka bllokuar rrug\u00ebn. Debati nisi me fjal\u00eb, por shpejt agravoi n\u00eb konflikt fizik, ku\u00a0Afmataj mori nj\u00eb arm\u00eb gjahu tip \u2018\u00e7ifte\u2019 dhe ka q\u00eblluar p\u00ebr vdekje \u00c7angun.<\/p>\n<p>Pas vrasjes, ka qen\u00eb vet\u00eb Afmataji cili ka njoftuar policin\u00eb dhe m\u00eb pas \u00ebsht\u00eb larguar nga vendngjarja me shpejt\u00ebsi. N\u00eb momentin q\u00eb patrullat e policis\u00eb kan\u00eb shkuar n\u00eb zon\u00eb, autori ishte larguar, nd\u00ebrkoh\u00eb q\u00eb edhe pas k\u00ebrkimeve n\u00eb zon\u00eb, akoma nuk \u00ebsht\u00eb gjetur nj\u00eb pist\u00eb mbi vendndodhjen e autorit.<\/p>\n<p>The post <a href=\"https:\/\/gijotina.com\/konflikt-5\/\">\u201cHiq makin\u00ebn se m\u00eb ke z\u00ebn\u00eb rrug\u00ebn\u201d, si nisi konflikti i djesh\u00ebm mes \u00c7angut dhe Afmatajt<\/a> appeared first on <a href=\"https:\/\/gijotina.com\/\">GIJOTINA<\/a>.<\/p>","protected":false},"excerpt":{"rendered":"<p>Detaje t\u00eb reja jan\u00eb zbuluar nga konflikti i djesh\u00ebm mes dy fqinj\u00ebve q\u00eb p\u00ebrfundoi n\u00eb vrasje. Konflikti ka ndodhur mes Eduart Afmatajt dhe Artur \u00c7angut, ku ky i fundit p\u00ebrfundoi i vrar\u00eb. Sipas hetimeve paraprake, konflikti mes dy fqinj\u00ebve ka nisur rreth 2 vite m\u00eb par\u00eb dhe \u00ebsht\u00eb p\u00ebr \u00e7\u00ebshtje pron\u00ebsie. Por dit\u00ebn e djeshme, [&hellip;]<\/p>\n","protected":false},"author":0,"featured_media":0,"comment_status":"open","ping_status":"open","sticky":false,"template":"","format":"standard","meta":{"footnotes":""},"categories":[1],"tags":[],"class_list":["post-81349","post","type-post","status-publish","format-standard","hentry","category-uncategorized"],"_links":{"self":[{"href":"https:\/\/zennihost.com\/test\/wp-json\/wp\/v2\/posts\/81349","targetHints":{"allow":["GET"]}}],"collection":[{"href":"https:\/\/zennihost.com\/test\/wp-json\/wp\/v2\/posts"}],"about":[{"href":"https:\/\/zennihost.com\/test\/wp-json\/wp\/v2\/types\/post"}],"replies":[{"embeddable":true,"href":"https:\/\/zennihost.com\/test\/wp-json\/wp\/v2\/comments?post=81349"}],"version-history":[{"count":0,"href":"https:\/\/zennihost.com\/test\/wp-json\/wp\/v2\/posts\/81349\/revisions"}],"wp:attachment":[{"href":"https:\/\/zennihost.com\/test\/wp-json\/wp\/v2\/media?parent=81349"}],"wp:term":[{"taxonomy":"category","embeddable":true,"href":"https:\/\/zennihost.com\/test\/wp-json\/wp\/v2\/categories?post=81349"},{"taxonomy":"post_tag","embeddable":true,"href":"https:\/\/zennihost.com\/test\/wp-json\/wp\/v2\/tags?post=81349"}],"curies":[{"name":"wp","href":"https:\/\/api.w.org\/{rel}","templated":true}]}}