{"id":81345,"date":"2026-04-11T08:59:25","date_gmt":"2026-04-11T08:59:25","guid":{"rendered":"https:\/\/zennihost.com\/test\/2026\/04\/11\/dosja-metamorfoza-gjykata-le-ne-burg-leksin-e-druve\/"},"modified":"2026-04-11T08:59:25","modified_gmt":"2026-04-11T08:59:25","slug":"dosja-metamorfoza-gjykata-le-ne-burg-leksin-e-druve","status":"publish","type":"post","link":"https:\/\/zennihost.com\/test\/2026\/04\/11\/dosja-metamorfoza-gjykata-le-ne-burg-leksin-e-druve\/","title":{"rendered":"Dosja \u201cMetamorfoza\u201d, gjykata l\u00eb n\u00eb burg \u201cLeksin e druve\u201d"},"content":{"rendered":"<p>Gjykata e Posa\u00e7me ka l\u00ebn\u00eb n\u00eb arrest me burg dit\u00ebn e sotme Aleks Ndrek\u00ebn, i njohur si \u2018Leksi i Druve\u2019. GJKKO konfirmoi mas\u00ebn e siguris\u00eb, vet\u00ebm 2 dit\u00eb pas ekstradimit nga Italia t\u00eb Ndrek\u00ebs.<\/p>\n<p>Ndreka \u00ebsht\u00eb shpallur n\u00eb k\u00ebrkim nd\u00ebrkomb\u00ebtar n\u00eb kuad\u00ebr t\u00eb dosjes \u201cMetamorfoza\u201d, si person i dyshuar p\u00ebr sigurimin e kushteve p\u00ebr vrasjen e tre shtetasve n\u00eb vitin 2017.<\/p>\n<p>Kush \u00ebsht\u00eb Aleks Ndreka?<\/p>\n<p>Aleks Ndreka \u00ebsht\u00eb personazh i njohur n\u00eb bot\u00ebn e krimit, kryesisht n\u00eb Lezh\u00eb dhe n\u00eb Shkod\u00ebr. Ndreka ishte i shpallur n\u00eb k\u00ebrkim n\u00eb kuad\u00ebr t\u00eb operacionit \u201cMetamorfoza\u201d dhe ishte n\u00eb mas\u00ebn \u201carrest n\u00eb burg\u201d n\u00eb munges\u00eb.<\/p>\n<p>Ndreka i njohur dhe si \u201cLeksi i Druve\u201d ka pasur p\u00ebrplasje t\u00eb forta me ish-deputetin e Partis\u00eb Socialiste, Arben Ndoka. Sipas dosjes hetimore t\u00eb SPAK, Aleks Ded\u00ebn kan\u00eb tentuar q\u00eb ta vrisnin me dron. Ish-deputeti donte ta vriste Leksin e Druve, pasi dyshonte se kishte rol n\u00eb vrasjen e t\u00eb v\u00ebllait. N\u00eb k\u00ebt\u00eb episod p\u00ebrfshihet edhe nipi i tij, Samueli, dh\u00ebndri Arjan Tuku dhe Vinsent Tuku.<\/p>\n<p>The post <a href=\"https:\/\/lapsi.al\/2026\/04\/11\/dosja-metamorfoza-gjykata-le-ne-burg-leksin-e-druve\/\">Dosja \u201cMetamorfoza\u201d, gjykata l\u00eb n\u00eb burg \u201cLeksin e druve\u201d<\/a> appeared first on <a href=\"https:\/\/lapsi.al\/\">Lapsi.al<\/a>.<\/p>","protected":false},"excerpt":{"rendered":"<p>Gjykata e Posa\u00e7me ka l\u00ebn\u00eb n\u00eb arrest me burg dit\u00ebn e sotme Aleks Ndrek\u00ebn, i njohur si \u2018Leksi i Druve\u2019. GJKKO konfirmoi mas\u00ebn e siguris\u00eb, vet\u00ebm 2 dit\u00eb pas ekstradimit nga Italia t\u00eb Ndrek\u00ebs. Ndreka \u00ebsht\u00eb shpallur n\u00eb k\u00ebrkim nd\u00ebrkomb\u00ebtar n\u00eb kuad\u00ebr t\u00eb dosjes \u201cMetamorfoza\u201d, si person i dyshuar p\u00ebr sigurimin e kushteve p\u00ebr vrasjen [&hellip;]<\/p>\n","protected":false},"author":0,"featured_media":0,"comment_status":"open","ping_status":"open","sticky":false,"template":"","format":"standard","meta":{"footnotes":""},"categories":[1],"tags":[],"class_list":["post-81345","post","type-post","status-publish","format-standard","hentry","category-uncategorized"],"_links":{"self":[{"href":"https:\/\/zennihost.com\/test\/wp-json\/wp\/v2\/posts\/81345","targetHints":{"allow":["GET"]}}],"collection":[{"href":"https:\/\/zennihost.com\/test\/wp-json\/wp\/v2\/posts"}],"about":[{"href":"https:\/\/zennihost.com\/test\/wp-json\/wp\/v2\/types\/post"}],"replies":[{"embeddable":true,"href":"https:\/\/zennihost.com\/test\/wp-json\/wp\/v2\/comments?post=81345"}],"version-history":[{"count":0,"href":"https:\/\/zennihost.com\/test\/wp-json\/wp\/v2\/posts\/81345\/revisions"}],"wp:attachment":[{"href":"https:\/\/zennihost.com\/test\/wp-json\/wp\/v2\/media?parent=81345"}],"wp:term":[{"taxonomy":"category","embeddable":true,"href":"https:\/\/zennihost.com\/test\/wp-json\/wp\/v2\/categories?post=81345"},{"taxonomy":"post_tag","embeddable":true,"href":"https:\/\/zennihost.com\/test\/wp-json\/wp\/v2\/tags?post=81345"}],"curies":[{"name":"wp","href":"https:\/\/api.w.org\/{rel}","templated":true}]}}