{"id":81343,"date":"2026-04-11T09:08:51","date_gmt":"2026-04-11T09:08:51","guid":{"rendered":"https:\/\/zennihost.com\/test\/2026\/04\/11\/netanjahu-perjashton-spanjen-nga-bordi-mbikeqyres-i-armepushimit-ne-gaza\/"},"modified":"2026-04-11T09:08:51","modified_gmt":"2026-04-11T09:08:51","slug":"netanjahu-perjashton-spanjen-nga-bordi-mbikeqyres-i-armepushimit-ne-gaza","status":"publish","type":"post","link":"https:\/\/zennihost.com\/test\/2026\/04\/11\/netanjahu-perjashton-spanjen-nga-bordi-mbikeqyres-i-armepushimit-ne-gaza\/","title":{"rendered":"Netanjahu p\u00ebrjashton Spanj\u00ebn nga Bordi Mbik\u00ebqyr\u00ebs i Arm\u00ebpushimit n\u00eb Gaza"},"content":{"rendered":"<p>Kryeministri izraelit Benjamin Netanjahu p\u00ebrjashton Spanj\u00ebn nga bordi nd\u00ebrkomb\u00ebtar i mbik\u00ebqyrjes s\u00eb arm\u00ebpushimit n\u00eb Rripin e Gaz\u00ebs. Netanjahu tha se Spanja \u00ebsht\u00eb b\u00ebr\u00eb vend armiq\u00ebsor ndaj Izraelit.<\/p>\n<p>N\u00eb nj\u00eb hap t\u00eb paprecedent diplomatik, Izraeli p\u00ebrjashtoi p\u00ebrfaq\u00ebsuesit e Spanj\u00ebs nga organi mbik\u00ebqyr\u00ebs i arm\u00ebpushimit n\u00eb Gaza, q\u00eb njihet si Qendra p\u00ebr Koordinim Civilo-Ushtarak. Vendimin e b\u00ebri t\u00eb ditur kryeministri izraelit Benjamin Netanjahu p\u00ebrmes nj\u00eb videomesazhi t\u00eb publikuar n\u00eb rrjetin X, ku akuzoi Spanj\u00ebn p\u00ebr hipokrizi dhe armiq\u00ebsi ndaj Izraelit.<\/p>\n<p>\u201cSpanja ka shpifur ndaj heronjve tan\u00eb, ushtar\u00ebve t\u00eb ushtris\u00eb m\u00eb morale n\u00eb bot\u00eb. Ndaj, kam udh\u00ebzuar sot largimin e tyre nga qendra koordinuese, pasi Madridi ka zgjedhur vazhdimisht t\u00eb rreshtohet kund\u00ebr Izraelit.\u201d<\/p>\n<p>The post <a href=\"https:\/\/lapsi.al\/2026\/04\/11\/netanjahu-perjashton-spanjen-nga-bordi-mbikeqyres-i-armepushimit-ne-gaza\/\">Netanjahu p\u00ebrjashton Spanj\u00ebn nga Bordi Mbik\u00ebqyr\u00ebs i Arm\u00ebpushimit n\u00eb Gaza<\/a> appeared first on <a href=\"https:\/\/lapsi.al\/\">Lapsi.al<\/a>.<\/p>","protected":false},"excerpt":{"rendered":"<p>Kryeministri izraelit Benjamin Netanjahu p\u00ebrjashton Spanj\u00ebn nga bordi nd\u00ebrkomb\u00ebtar i mbik\u00ebqyrjes s\u00eb arm\u00ebpushimit n\u00eb Rripin e Gaz\u00ebs. Netanjahu tha se Spanja \u00ebsht\u00eb b\u00ebr\u00eb vend armiq\u00ebsor ndaj Izraelit. N\u00eb nj\u00eb hap t\u00eb paprecedent diplomatik, Izraeli p\u00ebrjashtoi p\u00ebrfaq\u00ebsuesit e Spanj\u00ebs nga organi mbik\u00ebqyr\u00ebs i arm\u00ebpushimit n\u00eb Gaza, q\u00eb njihet si Qendra p\u00ebr Koordinim Civilo-Ushtarak. Vendimin e b\u00ebri [&hellip;]<\/p>\n","protected":false},"author":0,"featured_media":0,"comment_status":"open","ping_status":"open","sticky":false,"template":"","format":"standard","meta":{"footnotes":""},"categories":[1],"tags":[],"class_list":["post-81343","post","type-post","status-publish","format-standard","hentry","category-uncategorized"],"_links":{"self":[{"href":"https:\/\/zennihost.com\/test\/wp-json\/wp\/v2\/posts\/81343","targetHints":{"allow":["GET"]}}],"collection":[{"href":"https:\/\/zennihost.com\/test\/wp-json\/wp\/v2\/posts"}],"about":[{"href":"https:\/\/zennihost.com\/test\/wp-json\/wp\/v2\/types\/post"}],"replies":[{"embeddable":true,"href":"https:\/\/zennihost.com\/test\/wp-json\/wp\/v2\/comments?post=81343"}],"version-history":[{"count":0,"href":"https:\/\/zennihost.com\/test\/wp-json\/wp\/v2\/posts\/81343\/revisions"}],"wp:attachment":[{"href":"https:\/\/zennihost.com\/test\/wp-json\/wp\/v2\/media?parent=81343"}],"wp:term":[{"taxonomy":"category","embeddable":true,"href":"https:\/\/zennihost.com\/test\/wp-json\/wp\/v2\/categories?post=81343"},{"taxonomy":"post_tag","embeddable":true,"href":"https:\/\/zennihost.com\/test\/wp-json\/wp\/v2\/tags?post=81343"}],"curies":[{"name":"wp","href":"https:\/\/api.w.org\/{rel}","templated":true}]}}