{"id":81342,"date":"2026-04-11T09:48:22","date_gmt":"2026-04-11T09:48:22","guid":{"rendered":"https:\/\/zennihost.com\/test\/2026\/04\/11\/ndarja-nga-jeta-e-kongresmenit-eliot-engel-presidenti-begaj-mik-i-madh-i-popullit-shqiptar-dhe-ze-i-forte-per-ne\/"},"modified":"2026-04-11T09:48:22","modified_gmt":"2026-04-11T09:48:22","slug":"ndarja-nga-jeta-e-kongresmenit-eliot-engel-presidenti-begaj-mik-i-madh-i-popullit-shqiptar-dhe-ze-i-forte-per-ne","status":"publish","type":"post","link":"https:\/\/zennihost.com\/test\/2026\/04\/11\/ndarja-nga-jeta-e-kongresmenit-eliot-engel-presidenti-begaj-mik-i-madh-i-popullit-shqiptar-dhe-ze-i-forte-per-ne\/","title":{"rendered":"Ndarja nga jeta e kongresmenit Eliot Engel, Presidenti Begaj: Mik i madh i popullit shqiptar dhe z\u00eb i fort\u00eb p\u00ebr ne"},"content":{"rendered":"<p>Presidenti Bajram Begaj ka reaguar p\u00ebrmes nj\u00eb postimi n\u00eb rrjetet sociale, ku e fal\u00ebnderon p\u00ebr gjith\u00e7ka ka b\u00ebr\u00eb p\u00ebr Kosov\u00ebn dhe kombin ton\u00eb.<\/p>\n<p>Beqaj e quan Engel nj\u00eb mik i madh i popullit shqiptar, nd\u00ebrsa shton se do t\u00eb mbetet p\u00ebrgjithmon\u00eb n\u00eb kujtes\u00ebn dhe zemrat e shqiptar\u00ebve.<\/p>\n<p>\u201cSot humb\u00ebm Elliot Engel, nj\u00eb mik t\u00eb madh t\u00eb popullit shqiptar dhe gjithmon\u00eb nj\u00eb z\u00eb t\u00eb fort\u00eb p\u00ebr ta. Faleminderit p\u00ebr gjith\u00e7ka q\u00eb b\u00ebt\u00eb p\u00ebr Kosov\u00ebn dhe p\u00ebr kombin ton\u00eb. Emri juaj do t\u00eb mbetet p\u00ebrgjithmon\u00eb n\u00eb kujtes\u00ebn dhe zemrat e shqiptar\u00ebve, si nj\u00eb nga miqt\u00eb tan\u00eb m\u00eb t\u00eb \u00e7muar q\u00eb na q\u00ebndroi pran\u00eb n\u00eb dit\u00ebt tona m\u00eb t\u00eb v\u00ebshtira. Pusho n\u00eb paqe.\u201d, shkruan Presidenti.<\/p>\n<p>Today we lost Elliot Engel, a great friend of the Albanian people and always a strong voice for them.<\/p>\n<p>Thank you for everything you did for Kosova and for our nation.<\/p>\n<p>Your name will forever remain in the memory and hearts of Albanians, as one of our most valued friends who stood\u2026<\/p>","protected":false},"excerpt":{"rendered":"<p>Presidenti Bajram Begaj ka reaguar p\u00ebrmes nj\u00eb postimi n\u00eb rrjetet sociale, ku e fal\u00ebnderon p\u00ebr gjith\u00e7ka ka b\u00ebr\u00eb p\u00ebr Kosov\u00ebn dhe kombin ton\u00eb. Beqaj e quan Engel nj\u00eb mik i madh i popullit shqiptar, nd\u00ebrsa shton se do t\u00eb mbetet p\u00ebrgjithmon\u00eb n\u00eb kujtes\u00ebn dhe zemrat e shqiptar\u00ebve. \u201cSot humb\u00ebm Elliot Engel, nj\u00eb mik t\u00eb madh [&hellip;]<\/p>\n","protected":false},"author":0,"featured_media":0,"comment_status":"open","ping_status":"open","sticky":false,"template":"","format":"standard","meta":{"footnotes":""},"categories":[1],"tags":[],"class_list":["post-81342","post","type-post","status-publish","format-standard","hentry","category-uncategorized"],"_links":{"self":[{"href":"https:\/\/zennihost.com\/test\/wp-json\/wp\/v2\/posts\/81342","targetHints":{"allow":["GET"]}}],"collection":[{"href":"https:\/\/zennihost.com\/test\/wp-json\/wp\/v2\/posts"}],"about":[{"href":"https:\/\/zennihost.com\/test\/wp-json\/wp\/v2\/types\/post"}],"replies":[{"embeddable":true,"href":"https:\/\/zennihost.com\/test\/wp-json\/wp\/v2\/comments?post=81342"}],"version-history":[{"count":0,"href":"https:\/\/zennihost.com\/test\/wp-json\/wp\/v2\/posts\/81342\/revisions"}],"wp:attachment":[{"href":"https:\/\/zennihost.com\/test\/wp-json\/wp\/v2\/media?parent=81342"}],"wp:term":[{"taxonomy":"category","embeddable":true,"href":"https:\/\/zennihost.com\/test\/wp-json\/wp\/v2\/categories?post=81342"},{"taxonomy":"post_tag","embeddable":true,"href":"https:\/\/zennihost.com\/test\/wp-json\/wp\/v2\/tags?post=81342"}],"curies":[{"name":"wp","href":"https:\/\/api.w.org\/{rel}","templated":true}]}}