{"id":81341,"date":"2026-04-11T09:48:21","date_gmt":"2026-04-11T09:48:21","guid":{"rendered":"https:\/\/zennihost.com\/test\/2026\/04\/11\/fytyra-e-khameneit-u-shperfytyrua-ne-sulmin-qe-i-vrau-te-atin-reuters-lideri-i-iranit-po-sherohet-nga-lendime-te-renda\/"},"modified":"2026-04-11T09:48:21","modified_gmt":"2026-04-11T09:48:21","slug":"fytyra-e-khameneit-u-shperfytyrua-ne-sulmin-qe-i-vrau-te-atin-reuters-lideri-i-iranit-po-sherohet-nga-lendime-te-renda","status":"publish","type":"post","link":"https:\/\/zennihost.com\/test\/2026\/04\/11\/fytyra-e-khameneit-u-shperfytyrua-ne-sulmin-qe-i-vrau-te-atin-reuters-lideri-i-iranit-po-sherohet-nga-lendime-te-renda\/","title":{"rendered":"\u201cFytyra e Khameneit u shp\u00ebrfytyrua n\u00eb sulmin q\u00eb i vrau t\u00eb atin!\u201d\/ Reuters: Lideri i Iranit po sh\u00ebrohet nga l\u00ebndime t\u00eb r\u00ebnda"},"content":{"rendered":"<p>Udh\u00ebheq\u00ebsi suprem i Iran, Mojtaba Khamenei, po sh\u00ebrohet nga l\u00ebndime t\u00eb r\u00ebnda t\u00eb p\u00ebsuara gjat\u00eb nj\u00eb sulmi ajror n\u00eb fillim t\u00eb luft\u00ebs, sipas disa burimeve pran\u00eb rrethit t\u00eb tij t\u00eb ngusht\u00eb.<\/p>\n<p>Sipas raportimeve t\u00eb Reuters, Khamenei ka p\u00ebsuar d\u00ebmtime serioze n\u00eb fytyr\u00eb, q\u00eb dyshohet se i kan\u00eb shkaktuar shp\u00ebrfytyrim, si dhe l\u00ebndime t\u00eb r\u00ebnda n\u00eb nj\u00eb ose t\u00eb dyja k\u00ebmb\u00ebt. Megjithat\u00eb, burimet theksojn\u00eb se 56-vje\u00e7ari mbetet mend\u00ebrisht i kthjell\u00ebt dhe aktiv n\u00eb drejtimin e \u00e7\u00ebshtjeve shtet\u00ebrore.<\/p>\n<p>Ai raportohet se po merr pjes\u00eb n\u00eb takime me zyrtar\u00eb t\u00eb lart\u00eb p\u00ebrmes thirrjeve audio, duke luajtur rol n\u00eb vendimmarrje p\u00ebr \u00e7\u00ebshtje ky\u00e7e, p\u00ebrfshir\u00eb luft\u00ebn dhe negociatat me United States.<\/p>\n<p>Gjendja e tij sh\u00ebndet\u00ebsore \u00ebsht\u00eb b\u00ebr\u00eb nj\u00eb \u00e7\u00ebshtje e r\u00ebnd\u00ebsishme, nd\u00ebrsa vendi p\u00ebrballet me nj\u00eb nga krizat m\u00eb t\u00eb m\u00ebdha n\u00eb dekada dhe pritet nisja e bisedimeve t\u00eb paqes n\u00eb Islamabad.<\/p>","protected":false},"excerpt":{"rendered":"<p>Udh\u00ebheq\u00ebsi suprem i Iran, Mojtaba Khamenei, po sh\u00ebrohet nga l\u00ebndime t\u00eb r\u00ebnda t\u00eb p\u00ebsuara gjat\u00eb nj\u00eb sulmi ajror n\u00eb fillim t\u00eb luft\u00ebs, sipas disa burimeve pran\u00eb rrethit t\u00eb tij t\u00eb ngusht\u00eb. Sipas raportimeve t\u00eb Reuters, Khamenei ka p\u00ebsuar d\u00ebmtime serioze n\u00eb fytyr\u00eb, q\u00eb dyshohet se i kan\u00eb shkaktuar shp\u00ebrfytyrim, si dhe l\u00ebndime t\u00eb r\u00ebnda n\u00eb [&hellip;]<\/p>\n","protected":false},"author":0,"featured_media":0,"comment_status":"open","ping_status":"open","sticky":false,"template":"","format":"standard","meta":{"footnotes":""},"categories":[1],"tags":[],"class_list":["post-81341","post","type-post","status-publish","format-standard","hentry","category-uncategorized"],"_links":{"self":[{"href":"https:\/\/zennihost.com\/test\/wp-json\/wp\/v2\/posts\/81341","targetHints":{"allow":["GET"]}}],"collection":[{"href":"https:\/\/zennihost.com\/test\/wp-json\/wp\/v2\/posts"}],"about":[{"href":"https:\/\/zennihost.com\/test\/wp-json\/wp\/v2\/types\/post"}],"replies":[{"embeddable":true,"href":"https:\/\/zennihost.com\/test\/wp-json\/wp\/v2\/comments?post=81341"}],"version-history":[{"count":0,"href":"https:\/\/zennihost.com\/test\/wp-json\/wp\/v2\/posts\/81341\/revisions"}],"wp:attachment":[{"href":"https:\/\/zennihost.com\/test\/wp-json\/wp\/v2\/media?parent=81341"}],"wp:term":[{"taxonomy":"category","embeddable":true,"href":"https:\/\/zennihost.com\/test\/wp-json\/wp\/v2\/categories?post=81341"},{"taxonomy":"post_tag","embeddable":true,"href":"https:\/\/zennihost.com\/test\/wp-json\/wp\/v2\/tags?post=81341"}],"curies":[{"name":"wp","href":"https:\/\/api.w.org\/{rel}","templated":true}]}}