{"id":81340,"date":"2026-04-11T09:48:21","date_gmt":"2026-04-11T09:48:21","guid":{"rendered":"https:\/\/zennihost.com\/test\/2026\/04\/11\/vajza-e-astronautit-ashley-hansen-tregon-emocionet-e-kthimit-te-babait-ne-toke\/"},"modified":"2026-04-11T09:48:21","modified_gmt":"2026-04-11T09:48:21","slug":"vajza-e-astronautit-ashley-hansen-tregon-emocionet-e-kthimit-te-babait-ne-toke","status":"publish","type":"post","link":"https:\/\/zennihost.com\/test\/2026\/04\/11\/vajza-e-astronautit-ashley-hansen-tregon-emocionet-e-kthimit-te-babait-ne-toke\/","title":{"rendered":"Vajza e astronautit Ashley Hansen tregon emocionet e kthimit t\u00eb babait n\u00eb Tok\u00eb"},"content":{"rendered":"<p>Nd\u00ebrsa momenti i uljes po afrohej, familja e astronautit kanadez Jeremy Hansen po priste me emocion, s\u00eb bashku me pjes\u00ebn tjet\u00ebr t\u00eb bot\u00ebs, kthimin e ekuipazhit t\u00eb misionit Artemis II nga udh\u00ebtimi i tyre historik rreth H\u00ebn\u00ebs.<\/p>\n<p>Ashley Hansen, nj\u00eb nga vajzat binjake t\u00eb astronautit, u shpreh se n\u00ebna dhe v\u00ebllai i saj e ndoq\u00ebn uljen nga Mission Control, nd\u00ebrsa ajo e shikoi nga Montreali, n\u00eb Kanada, s\u00eb bashku me motr\u00ebn e saj.<\/p>\n<p>\u201cDo t\u2019i jap nj\u00eb p\u00ebrqafim t\u00eb madh. Mendoj se t\u00eb gjith\u00eb do t\u00eb habitemi q\u00eb ia doli\u201d, u shpreh Ashley.<\/p>\n<p>20-vje\u00e7arja tregoi se familja e tyre ka nj\u00eb shprehje t\u00eb ve\u00e7ant\u00eb q\u00eb nga f\u00ebmij\u00ebria:<\/p>\n<p>\u201c\u2018T\u00eb dua deri n\u00eb h\u00ebn\u00eb dhe mbrapa\u2019. K\u00ebt\u00eb e kemi th\u00ebn\u00eb q\u00eb kur ishim shum\u00eb t\u00eb vegj\u00ebl\u201d, tha vajza e astronautit.<\/p>\n<p>Ajo shtoi se n\u00eb vitin 2023, kur u njoftua misioni, babai i tyre u kishte b\u00ebr\u00eb var\u00ebse t\u00eb personalizuara me gur\u00ebt e lindjes s\u00eb secilit an\u00ebtar t\u00eb familjes.<\/p>","protected":false},"excerpt":{"rendered":"<p>Nd\u00ebrsa momenti i uljes po afrohej, familja e astronautit kanadez Jeremy Hansen po priste me emocion, s\u00eb bashku me pjes\u00ebn tjet\u00ebr t\u00eb bot\u00ebs, kthimin e ekuipazhit t\u00eb misionit Artemis II nga udh\u00ebtimi i tyre historik rreth H\u00ebn\u00ebs. Ashley Hansen, nj\u00eb nga vajzat binjake t\u00eb astronautit, u shpreh se n\u00ebna dhe v\u00ebllai i saj e ndoq\u00ebn [&hellip;]<\/p>\n","protected":false},"author":0,"featured_media":0,"comment_status":"open","ping_status":"open","sticky":false,"template":"","format":"standard","meta":{"footnotes":""},"categories":[1],"tags":[],"class_list":["post-81340","post","type-post","status-publish","format-standard","hentry","category-uncategorized"],"_links":{"self":[{"href":"https:\/\/zennihost.com\/test\/wp-json\/wp\/v2\/posts\/81340","targetHints":{"allow":["GET"]}}],"collection":[{"href":"https:\/\/zennihost.com\/test\/wp-json\/wp\/v2\/posts"}],"about":[{"href":"https:\/\/zennihost.com\/test\/wp-json\/wp\/v2\/types\/post"}],"replies":[{"embeddable":true,"href":"https:\/\/zennihost.com\/test\/wp-json\/wp\/v2\/comments?post=81340"}],"version-history":[{"count":0,"href":"https:\/\/zennihost.com\/test\/wp-json\/wp\/v2\/posts\/81340\/revisions"}],"wp:attachment":[{"href":"https:\/\/zennihost.com\/test\/wp-json\/wp\/v2\/media?parent=81340"}],"wp:term":[{"taxonomy":"category","embeddable":true,"href":"https:\/\/zennihost.com\/test\/wp-json\/wp\/v2\/categories?post=81340"},{"taxonomy":"post_tag","embeddable":true,"href":"https:\/\/zennihost.com\/test\/wp-json\/wp\/v2\/tags?post=81340"}],"curies":[{"name":"wp","href":"https:\/\/api.w.org\/{rel}","templated":true}]}}