{"id":81339,"date":"2026-04-11T09:48:21","date_gmt":"2026-04-11T09:48:21","guid":{"rendered":"https:\/\/zennihost.com\/test\/2026\/04\/11\/real-madridi-i-dorezon-trofeun-barcelones-ndalet-1-1-ne-bernabeu-nga-katalanasit-e-gironas\/"},"modified":"2026-04-11T09:48:21","modified_gmt":"2026-04-11T09:48:21","slug":"real-madridi-i-dorezon-trofeun-barcelones-ndalet-1-1-ne-bernabeu-nga-katalanasit-e-gironas","status":"publish","type":"post","link":"https:\/\/zennihost.com\/test\/2026\/04\/11\/real-madridi-i-dorezon-trofeun-barcelones-ndalet-1-1-ne-bernabeu-nga-katalanasit-e-gironas\/","title":{"rendered":"Real Madridi \u2018i dor\u00ebzon\u2019 trofeun Barcelon\u00ebs, ndalet 1-1 n\u00eb \u2018Bernabeu\u2019 nga katalanasit e Gironas"},"content":{"rendered":"<p>Pas humbjes 1-2 n\u00eb Champions League kund\u00ebr Bayern Munich n\u00eb mesjav\u00eb, Real Madridi ka b\u00ebr\u00eb nj\u00eb tjet\u00ebr hap fals n\u00eb sht\u00ebpi. T\u00eb premte \u2018Galaktik\u00ebt\u2019 barazuan 1-1 kund\u00ebr Gironas n\u00eb \u2018Bernabeu\u2019 p\u00ebr raundin e 31-t\u00eb n\u00eb La Liga dhe n\u00eb k\u00ebt\u00eb m\u00ebnyr\u00eb duket se \u2018i dor\u00ebzojn\u00eb\u2019 Barcelon\u00ebs titullin kampion t\u00eb k\u00ebtij sezoni, me katalanasit q\u00eb jan\u00eb gjasht\u00eb pik\u00eb para n\u00eb krye t\u00eb renditjes dhe me nj\u00eb ndeshje m\u00eb pak, derbin kund\u00ebr Espanyolit q\u00eb luhet sot.<\/p>\n<p>Pjesa e par\u00eb e takimit n\u00eb \u2018Bernabeu\u2019 ishte me raste, por Mbappe me shok\u00eb nuk mund\u00ebn ta d\u00ebrgonin dot sfer\u00ebn n\u00eb rrjet\u00eb, madje francezi u nd\u00ebshkua edhe me karton t\u00eb verdh\u00eb. K\u00ebsisoj fraksioni i par\u00eb u mbyll me rrjeta t\u00eb paprekura.<\/p>\n<p>Pjesa e dyt\u00eb nisi me vrullin e madrilen\u00ebve, teksa kapiteni Federico Valverde kaloi Real Madridin n\u00eb ep\u00ebrsi me nj\u00eb \u2018predh\u00eb\u2019 nga jasht\u00eb zone, pas nj\u00eb asisti t\u00eb Diaz. Kur u duke se loja do fliste p\u00ebr djemt\u00eb e Arbeloas, ishin katalanasit e vegj\u00ebl q\u00eb barazuan me Thomas Lemar n\u00eb minut\u00ebn e 62-t\u00eb. Edhe ky gol erdhi nga nj\u00eb goditje e fort\u00eb n\u00eb kufijt\u00eb e zon\u00ebs.<\/p>\n<p>Pjesa e mbetur e ndeshjes nuk prodhoi gola dhe t\u00eb dyja skuadrat ndan\u00eb nga nj\u00eb pik\u00eb. Real Madridi me 70 pik\u00eb mban vendin e dyt\u00eb, gjasht\u00eb pik\u00eb pas Barcelon\u00ebs kryesuese q\u00eb ka nj\u00eb ndeshje m\u00eb pak, at\u00eb kund\u00ebr Espanyolit q\u00eb luhet sot n\u00eb or\u00ebn 18:30. Nga ana tjet\u00ebr Girona me 38 pik\u00eb mban vendin e 12-t\u00eb n\u00eb renditje.<\/p>","protected":false},"excerpt":{"rendered":"<p>Pas humbjes 1-2 n\u00eb Champions League kund\u00ebr Bayern Munich n\u00eb mesjav\u00eb, Real Madridi ka b\u00ebr\u00eb nj\u00eb tjet\u00ebr hap fals n\u00eb sht\u00ebpi. T\u00eb premte \u2018Galaktik\u00ebt\u2019 barazuan 1-1 kund\u00ebr Gironas n\u00eb \u2018Bernabeu\u2019 p\u00ebr raundin e 31-t\u00eb n\u00eb La Liga dhe n\u00eb k\u00ebt\u00eb m\u00ebnyr\u00eb duket se \u2018i dor\u00ebzojn\u00eb\u2019 Barcelon\u00ebs titullin kampion t\u00eb k\u00ebtij sezoni, me katalanasit q\u00eb jan\u00eb [&hellip;]<\/p>\n","protected":false},"author":0,"featured_media":0,"comment_status":"open","ping_status":"open","sticky":false,"template":"","format":"standard","meta":{"footnotes":""},"categories":[1],"tags":[],"class_list":["post-81339","post","type-post","status-publish","format-standard","hentry","category-uncategorized"],"_links":{"self":[{"href":"https:\/\/zennihost.com\/test\/wp-json\/wp\/v2\/posts\/81339","targetHints":{"allow":["GET"]}}],"collection":[{"href":"https:\/\/zennihost.com\/test\/wp-json\/wp\/v2\/posts"}],"about":[{"href":"https:\/\/zennihost.com\/test\/wp-json\/wp\/v2\/types\/post"}],"replies":[{"embeddable":true,"href":"https:\/\/zennihost.com\/test\/wp-json\/wp\/v2\/comments?post=81339"}],"version-history":[{"count":0,"href":"https:\/\/zennihost.com\/test\/wp-json\/wp\/v2\/posts\/81339\/revisions"}],"wp:attachment":[{"href":"https:\/\/zennihost.com\/test\/wp-json\/wp\/v2\/media?parent=81339"}],"wp:term":[{"taxonomy":"category","embeddable":true,"href":"https:\/\/zennihost.com\/test\/wp-json\/wp\/v2\/categories?post=81339"},{"taxonomy":"post_tag","embeddable":true,"href":"https:\/\/zennihost.com\/test\/wp-json\/wp\/v2\/tags?post=81339"}],"curies":[{"name":"wp","href":"https:\/\/api.w.org\/{rel}","templated":true}]}}