{"id":81333,"date":"2026-04-11T09:48:17","date_gmt":"2026-04-11T09:48:17","guid":{"rendered":"https:\/\/zennihost.com\/test\/2026\/04\/11\/vance-dhe-ghalibaf-kush-jane-dy-drejtuesit-e-delegacioneve-per-bisedimet-mes-shba-dhe-iranit-2\/"},"modified":"2026-04-11T09:48:17","modified_gmt":"2026-04-11T09:48:17","slug":"vance-dhe-ghalibaf-kush-jane-dy-drejtuesit-e-delegacioneve-per-bisedimet-mes-shba-dhe-iranit-2","status":"publish","type":"post","link":"https:\/\/zennihost.com\/test\/2026\/04\/11\/vance-dhe-ghalibaf-kush-jane-dy-drejtuesit-e-delegacioneve-per-bisedimet-mes-shba-dhe-iranit-2\/","title":{"rendered":"Vance dhe Ghalibaf \u2013 Kush jan\u00eb dy drejtuesit e delegacioneve p\u00ebr bisedimet mes SHBA dhe Iranit"},"content":{"rendered":"<p>Delegacioni iranian, i udh\u00ebhequr nga kryetari i Parlamentit t\u00eb Iranit, Mohammad Baqer Ghalibaf, dhe me pjes\u00ebmarrjen e ministrit t\u00eb Jasht\u00ebm Abbas Araqchi, \u00ebsht\u00eb takuar me kryeministrin e Pakistanit, Shehbaz Sharif.<\/p>\n<p>Lajmi raportohet nga Ynet, duke cituar mediat iraniane. Agjencia iraniane e lajmeve Tasnim ka b\u00ebr\u00eb t\u00eb ditur se delegacioni do t\u00eb diskutoj\u00eb mbi \u201cshkeljen e angazhimeve nga ana e Shteteve t\u00eb Bashkuara\u201d dhe m\u00eb pas do t\u00eb vendos\u00eb n\u00ebse do t\u00eb nis\u00eb apo jo negociatat.<\/p>\n<p><strong>Vance dhe Ghalibaf: Kush jan\u00eb dy drejtuesit e delegacioneve t\u00eb SHBA-s\u00eb dhe Iranit<\/strong><\/p>\n<p>N\u00eb krye t\u00eb dy delegacioneve n\u00eb tryez\u00ebn e negociatave n\u00eb Pakistan jan\u00eb z\u00ebvend\u00ebspresidenti i SHBA-s\u00eb, JD Vance, dhe kryetari i Parlamentit iranian, Mohammad Baqer Ghalibaf \u2013 secili me nj\u00eb agjend\u00eb t\u00eb qart\u00eb personale.<\/p>\n<p>Nd\u00ebrsa lufta \u00ebsht\u00eb n\u00eb Iran, Vance po luan shanset p\u00ebr t\u00eb trash\u00ebguar ndikimin politik t\u00eb Donald Trump dhe p\u00ebr t\u00eb kandiduar p\u00ebr Sht\u00ebpin\u00eb e Bardh\u00eb n\u00eb vitin 2028. Ironikisht, ai, i konsideruar si nj\u00eb nga figurat m\u00eb t\u00eb pakompromista t\u00eb administrat\u00ebs, do t\u00eb duhet t\u00eb mb\u00ebshtetet tek aft\u00ebsit\u00eb e tij p\u00ebr dialog p\u00ebr t\u00eb arritur sukses. Kjo \u00ebsht\u00eb edhe arsyeja pse pala iraniane ka pranuar q\u00eb ai t\u00eb drejtoj\u00eb delegacionin amerikan n\u00eb Islamabad.<\/p>\n<p>Nga ana tjet\u00ebr, Ghalibaf, 64 vje\u00e7, ish-gjeneral i Gard\u00ebs Revolucionare, ish-kryetar bashkie i Teheranit dhe ish-shef i policis\u00eb, drejton Parlamentin prej dy mandatesh. Ashtu si Vance, edhe ai ka ambicie p\u00ebr t\u00eb ngjitur shkall\u00ebt e pushtetit n\u00eb Iran, por ka kandiduar tre her\u00eb p\u00ebr president dhe \u00ebsht\u00eb mposhtur n\u00eb t\u00eb gjitha rastet.<\/p>\n<p>The post <a href=\"https:\/\/gijotina.com\/bisedime-2\/\">Vance dhe Ghalibaf \u2013 Kush jan\u00eb dy drejtuesit e delegacioneve p\u00ebr bisedimet mes SHBA dhe Iranit<\/a> appeared first on <a href=\"https:\/\/gijotina.com\/\">GIJOTINA<\/a>.<\/p>","protected":false},"excerpt":{"rendered":"<p>Delegacioni iranian, i udh\u00ebhequr nga kryetari i Parlamentit t\u00eb Iranit, Mohammad Baqer Ghalibaf, dhe me pjes\u00ebmarrjen e ministrit t\u00eb Jasht\u00ebm Abbas Araqchi, \u00ebsht\u00eb takuar me kryeministrin e Pakistanit, Shehbaz Sharif. Lajmi raportohet nga Ynet, duke cituar mediat iraniane. Agjencia iraniane e lajmeve Tasnim ka b\u00ebr\u00eb t\u00eb ditur se delegacioni do t\u00eb diskutoj\u00eb mbi \u201cshkeljen e [&hellip;]<\/p>\n","protected":false},"author":0,"featured_media":0,"comment_status":"open","ping_status":"open","sticky":false,"template":"","format":"standard","meta":{"footnotes":""},"categories":[1],"tags":[],"class_list":["post-81333","post","type-post","status-publish","format-standard","hentry","category-uncategorized"],"_links":{"self":[{"href":"https:\/\/zennihost.com\/test\/wp-json\/wp\/v2\/posts\/81333","targetHints":{"allow":["GET"]}}],"collection":[{"href":"https:\/\/zennihost.com\/test\/wp-json\/wp\/v2\/posts"}],"about":[{"href":"https:\/\/zennihost.com\/test\/wp-json\/wp\/v2\/types\/post"}],"replies":[{"embeddable":true,"href":"https:\/\/zennihost.com\/test\/wp-json\/wp\/v2\/comments?post=81333"}],"version-history":[{"count":0,"href":"https:\/\/zennihost.com\/test\/wp-json\/wp\/v2\/posts\/81333\/revisions"}],"wp:attachment":[{"href":"https:\/\/zennihost.com\/test\/wp-json\/wp\/v2\/media?parent=81333"}],"wp:term":[{"taxonomy":"category","embeddable":true,"href":"https:\/\/zennihost.com\/test\/wp-json\/wp\/v2\/categories?post=81333"},{"taxonomy":"post_tag","embeddable":true,"href":"https:\/\/zennihost.com\/test\/wp-json\/wp\/v2\/tags?post=81333"}],"curies":[{"name":"wp","href":"https:\/\/api.w.org\/{rel}","templated":true}]}}