{"id":81330,"date":"2026-04-11T09:48:16","date_gmt":"2026-04-11T09:48:16","guid":{"rendered":"https:\/\/zennihost.com\/test\/2026\/04\/11\/qelloi-me-arme-zjarri-dhe-plagosi-nje-person-gjate-nje-konflikti-shpallet-ne-kerkim-26-vjecari\/"},"modified":"2026-04-11T09:48:16","modified_gmt":"2026-04-11T09:48:16","slug":"qelloi-me-arme-zjarri-dhe-plagosi-nje-person-gjate-nje-konflikti-shpallet-ne-kerkim-26-vjecari","status":"publish","type":"post","link":"https:\/\/zennihost.com\/test\/2026\/04\/11\/qelloi-me-arme-zjarri-dhe-plagosi-nje-person-gjate-nje-konflikti-shpallet-ne-kerkim-26-vjecari\/","title":{"rendered":"Q\u00eblloi me arm\u00eb zjarri dhe plagosi nj\u00eb person gjat\u00eb nj\u00eb konflikti, shpallet n\u00eb k\u00ebrkim 26-vje\u00e7ari \u2013"},"content":{"rendered":"<div>\n<p>Specialist\u00ebt p\u00ebr Hetimin e Krimeve n\u00eb Komisariatin e Policis\u00eb Tropoj\u00eb shpall\u00ebn n\u00eb k\u00ebrkim shtetasin A. I., 26 vje\u00e7, banues n\u00eb Bajram Curri.<\/p>\n<p>Ky shtetas, m\u00eb dat\u00eb 10.04.2026, rreth or\u00ebs 23:00, n\u00eb nj\u00eb lokal n\u00eb qytetin e Bajram Currit, pas nj\u00eb konflikti p\u00ebr motive t\u00eb dob\u00ebta, dyshohet se ka q\u00eblluar me arm\u00eb zjarri n\u00eb drejtim t\u00eb shtetasve S. M. dhe S. D., 18 vje\u00e7, banues n\u00eb Bajram Curri.<\/p>\n<p>Si pasoj\u00eb e t\u00eb sht\u00ebnave \u00ebsht\u00eb plagosur n\u00eb dor\u00eb shtetasi S. M., i cili mori ndihm\u00eb mjek\u00ebsore dhe u largua p\u00ebr n\u00eb banes\u00eb.<\/p>\n<p>Sh\u00ebrbimet e Policis\u00eb vijojn\u00eb kontrollet p\u00ebr lokalizimin dhe kapjen e autorit.<\/p>\n<p>Nd\u00ebrkoh\u00eb vijojn\u00eb veprimet hetimore n\u00ebn drejtimin e Prokuroris\u00eb p\u00ebr dokumentimin e plot\u00eb ligjor t\u00eb k\u00ebsaj ngjarjeje.<\/p>\n<p><!-- CONTENT END 2 --><\/p>\n<\/div>","protected":false},"excerpt":{"rendered":"<p>Specialist\u00ebt p\u00ebr Hetimin e Krimeve n\u00eb Komisariatin e Policis\u00eb Tropoj\u00eb shpall\u00ebn n\u00eb k\u00ebrkim shtetasin A. I., 26 vje\u00e7, banues n\u00eb Bajram Curri. Ky shtetas, m\u00eb dat\u00eb 10.04.2026, rreth or\u00ebs 23:00, n\u00eb nj\u00eb lokal n\u00eb qytetin e Bajram Currit, pas nj\u00eb konflikti p\u00ebr motive t\u00eb dob\u00ebta, dyshohet se ka q\u00eblluar me arm\u00eb zjarri n\u00eb drejtim t\u00eb [&hellip;]<\/p>\n","protected":false},"author":0,"featured_media":0,"comment_status":"open","ping_status":"open","sticky":false,"template":"","format":"standard","meta":{"footnotes":""},"categories":[1],"tags":[],"class_list":["post-81330","post","type-post","status-publish","format-standard","hentry","category-uncategorized"],"_links":{"self":[{"href":"https:\/\/zennihost.com\/test\/wp-json\/wp\/v2\/posts\/81330","targetHints":{"allow":["GET"]}}],"collection":[{"href":"https:\/\/zennihost.com\/test\/wp-json\/wp\/v2\/posts"}],"about":[{"href":"https:\/\/zennihost.com\/test\/wp-json\/wp\/v2\/types\/post"}],"replies":[{"embeddable":true,"href":"https:\/\/zennihost.com\/test\/wp-json\/wp\/v2\/comments?post=81330"}],"version-history":[{"count":0,"href":"https:\/\/zennihost.com\/test\/wp-json\/wp\/v2\/posts\/81330\/revisions"}],"wp:attachment":[{"href":"https:\/\/zennihost.com\/test\/wp-json\/wp\/v2\/media?parent=81330"}],"wp:term":[{"taxonomy":"category","embeddable":true,"href":"https:\/\/zennihost.com\/test\/wp-json\/wp\/v2\/categories?post=81330"},{"taxonomy":"post_tag","embeddable":true,"href":"https:\/\/zennihost.com\/test\/wp-json\/wp\/v2\/tags?post=81330"}],"curies":[{"name":"wp","href":"https:\/\/api.w.org\/{rel}","templated":true}]}}