{"id":81322,"date":"2026-04-11T08:48:17","date_gmt":"2026-04-11T08:48:17","guid":{"rendered":"https:\/\/zennihost.com\/test\/2026\/04\/11\/dita-e-bisedimeve-shba-iran-teherani-kemi-qellime-te-mira-por-nuk-kemi-besim\/"},"modified":"2026-04-11T08:48:17","modified_gmt":"2026-04-11T08:48:17","slug":"dita-e-bisedimeve-shba-iran-teherani-kemi-qellime-te-mira-por-nuk-kemi-besim","status":"publish","type":"post","link":"https:\/\/zennihost.com\/test\/2026\/04\/11\/dita-e-bisedimeve-shba-iran-teherani-kemi-qellime-te-mira-por-nuk-kemi-besim\/","title":{"rendered":"Dita e bisedimeve SHBA\u2013Iran\/ Teherani: Kemi q\u00ebllime t\u00eb mira, por nuk kemi besim"},"content":{"rendered":"<p>Tension n\u00eb prag t\u00eb bisedimeve SHBA\u2013Iran, t\u00eb planifikuara sot n\u00eb Islamabad.<\/p>\n<p>Trump sulmon Teheranin p\u00ebr bllokimin n\u00eb Hormuz, duke akuzuar regjimin se nuk po respekton marr\u00ebveshjet dhe k\u00ebrc\u00ebnon me sulme t\u00eb reja n\u00ebse nuk arrihet nj\u00eb marr\u00ebveshje:<br \/>\n\u201cPo ngarkojm\u00eb anijet me arm\u00eb dhe municione m\u00eb t\u00eb mira se m\u00eb par\u00eb\u201d, paralajm\u00ebron ai.<br \/>\n\u201cNuk do t\u00eb lejojm\u00eb q\u00eb t\u00eb vendoset tarif\u00eb (pages\u00eb kalimi) n\u00eb Hormuz\u201d.<\/p>\n<p>Z\u00ebvend\u00ebspresidenti Vance, n\u00eb krye t\u00eb delegacionit amerikan, shton presionin:<br \/>\n\u201cMos t\u00eb na marrin p\u00ebr budallenj\u201d.<\/p>\n<p>Por edhe Teherani vendos kushtet e veta, duke k\u00ebrkuar arm\u00ebpushim n\u00eb Liban \u2014 ku vazhdojn\u00eb bombardimet izraelite \u2014 dhe lirimin e aseteve iraniane t\u00eb bllokuara \u201cpara se t\u00eb fillojn\u00eb negociatat\u201d.<\/p>\n<p>Delegacioni i udh\u00ebhequr nga kryetari i Parlamentit, Ghalibaf, mb\u00ebrriti mbr\u00ebm\u00eb n\u00eb nj\u00eb Islamabad t\u00eb fortifikuar.<\/p>\n<p>Nd\u00ebrkoh\u00eb, Izraeli paralajm\u00ebron:<br \/>\n\u201cNuk do t\u00eb diskutojm\u00eb p\u00ebr arm\u00ebpushim me Hezbollah-un n\u00eb bisedimet me Libanin\u201d.<\/p>\n<p>Ghalibaf para bisedimeve: \u201cKemi q\u00ebllime t\u00eb mira, por nuk kemi besim\u201d<\/p>\n<p>\u201cKemi q\u00ebllime t\u00eb mira, por nuk kemi besim\u201d, deklaroi kryetari i Parlamentit iranian dhe drejtuesi i delegacionit t\u00eb Teheranit, Mohammad Bagher Ghalibaf, me mb\u00ebrritjen e tij n\u00eb Islamabad p\u00ebr bisedimet mes SHBA-s\u00eb dhe Iranit, sipas televizionit shtet\u00ebror iranian.<\/p>\n<p>\u201cP\u00ebrvoja jon\u00eb n\u00eb negociatat me amerikan\u00ebt ka p\u00ebrfunduar gjithmon\u00eb me d\u00ebshtime dhe premtime t\u00eb pambajtura\u201d, shtoi Ghalibaf.<\/p>","protected":false},"excerpt":{"rendered":"<p>Tension n\u00eb prag t\u00eb bisedimeve SHBA\u2013Iran, t\u00eb planifikuara sot n\u00eb Islamabad. Trump sulmon Teheranin p\u00ebr bllokimin n\u00eb Hormuz, duke akuzuar regjimin se nuk po respekton marr\u00ebveshjet dhe k\u00ebrc\u00ebnon me sulme t\u00eb reja n\u00ebse nuk arrihet nj\u00eb marr\u00ebveshje: \u201cPo ngarkojm\u00eb anijet me arm\u00eb dhe municione m\u00eb t\u00eb mira se m\u00eb par\u00eb\u201d, paralajm\u00ebron ai. \u201cNuk do t\u00eb [&hellip;]<\/p>\n","protected":false},"author":0,"featured_media":0,"comment_status":"open","ping_status":"open","sticky":false,"template":"","format":"standard","meta":{"footnotes":""},"categories":[1],"tags":[],"class_list":["post-81322","post","type-post","status-publish","format-standard","hentry","category-uncategorized"],"_links":{"self":[{"href":"https:\/\/zennihost.com\/test\/wp-json\/wp\/v2\/posts\/81322","targetHints":{"allow":["GET"]}}],"collection":[{"href":"https:\/\/zennihost.com\/test\/wp-json\/wp\/v2\/posts"}],"about":[{"href":"https:\/\/zennihost.com\/test\/wp-json\/wp\/v2\/types\/post"}],"replies":[{"embeddable":true,"href":"https:\/\/zennihost.com\/test\/wp-json\/wp\/v2\/comments?post=81322"}],"version-history":[{"count":0,"href":"https:\/\/zennihost.com\/test\/wp-json\/wp\/v2\/posts\/81322\/revisions"}],"wp:attachment":[{"href":"https:\/\/zennihost.com\/test\/wp-json\/wp\/v2\/media?parent=81322"}],"wp:term":[{"taxonomy":"category","embeddable":true,"href":"https:\/\/zennihost.com\/test\/wp-json\/wp\/v2\/categories?post=81322"},{"taxonomy":"post_tag","embeddable":true,"href":"https:\/\/zennihost.com\/test\/wp-json\/wp\/v2\/tags?post=81322"}],"curies":[{"name":"wp","href":"https:\/\/api.w.org\/{rel}","templated":true}]}}