{"id":81319,"date":"2026-04-11T08:48:16","date_gmt":"2026-04-11T08:48:16","guid":{"rendered":"https:\/\/zennihost.com\/test\/2026\/04\/11\/bejne-cmos-per-te-bllokuar-vendin-rama-opozites-ata-kane-hallin-e-vet-politik-ne-shohim-punet-e-shqiperise-2\/"},"modified":"2026-04-11T08:48:16","modified_gmt":"2026-04-11T08:48:16","slug":"bejne-cmos-per-te-bllokuar-vendin-rama-opozites-ata-kane-hallin-e-vet-politik-ne-shohim-punet-e-shqiperise-2","status":"publish","type":"post","link":"https:\/\/zennihost.com\/test\/2026\/04\/11\/bejne-cmos-per-te-bllokuar-vendin-rama-opozites-ata-kane-hallin-e-vet-politik-ne-shohim-punet-e-shqiperise-2\/","title":{"rendered":"\u201cB\u00ebjn\u00eb \u00e7mos p\u00ebr t\u00eb bllokuar vendin\u201d, Rama-opozit\u00ebs: Ata kan\u00eb hallin e vet politik, ne shohim pun\u00ebt e Shqip\u00ebris\u00eb"},"content":{"rendered":"<p>Kryeministri i vendit, Edi Rama nga qyteti i Beratit, u shpreh se socialist\u00ebt kan\u00eb nisur p\u00ebrgatitjet p\u00ebr t\u00eb arritur fitoren n\u00eb zgjedhjet e ardhshme lokale, t\u00eb cilat do mbahen n\u00eb 2027.<\/p>\n<p>Ai u shpreh se interesi kryesor i PS jan\u00eb pun\u00ebt e vendit, nd\u00ebrsa shtoi se opozita po b\u00ebn \u00e7mos p\u00ebr t\u00eb bllokuar ecurin\u00eb pozitive t\u00eb Shqip\u00ebris\u00eb.<\/p>\n<p>\u201cNe nisim koh\u00eb m\u00eb par\u00eb fushat\u00ebn p\u00ebr t\u00eb p\u00ebrgatitur fitoren e ardhshme dhe kur t\u00eb tjer\u00ebt merren me ne, dhe k\u00eb keq akoma, fatkeq\u00ebsisht merren me Shqip\u00ebrin\u00eb n\u00eb sensin m\u00eb negative duke shkuar rrug\u00ebve t\u00eb bot\u00ebs, Evrop\u00ebs p\u00ebr t\u00eb b\u00ebr\u00eb \u00e7mos p\u00ebr t\u00eb ndaluar dhe bllokuar Shqip\u00ebrin\u00eb, ne merremi me veten p\u00ebr t\u00eb kuptuar se ku jemi me pun\u00ebt e Shqip\u00ebris\u00eb.<\/p>\n<p>T\u00eb tjet\u00ebr kan\u00eb pun\u00eb q\u00eb lidhen me interesat e tyre apo me mbijetes\u00ebn e tyre n\u00eb aren\u00ebn e politik\u00ebs, nd\u00ebrsa puna jon\u00eb jan\u00eb pun\u00ebt e Shqip\u00ebris\u00eb dhe n\u00eb k\u00ebt\u00eb kontekst ky proces \u00ebsht\u00eb shum\u00eb i r\u00ebnd\u00ebsish\u00ebm, sepse nga ana tjet\u00ebr ne kemi nevoj\u00eb t\u00eb komunikojm\u00eb me nj\u00ebri tjetrin n\u00eb radh\u00eb t\u00eb par\u00eb p\u00ebr t\u00eb v\u00ebrteta e pun\u00ebve t\u00eb Shqip\u00ebris\u00eb, t\u00eb cilat mjegullohen dhe mbulohen dit\u00eb e nat\u00eb nga balta e g\u00ebnjeshtrave, fabrikimeve, thashethemeve dhe gjysm\u00eb t\u00eb v\u00ebrtetave, q\u00eb jan\u00eb g\u00ebnjeshtrat m\u00eb t\u00eb m\u00ebdha\u201d, tha Rama.<\/p>","protected":false},"excerpt":{"rendered":"<p>Kryeministri i vendit, Edi Rama nga qyteti i Beratit, u shpreh se socialist\u00ebt kan\u00eb nisur p\u00ebrgatitjet p\u00ebr t\u00eb arritur fitoren n\u00eb zgjedhjet e ardhshme lokale, t\u00eb cilat do mbahen n\u00eb 2027. Ai u shpreh se interesi kryesor i PS jan\u00eb pun\u00ebt e vendit, nd\u00ebrsa shtoi se opozita po b\u00ebn \u00e7mos p\u00ebr t\u00eb bllokuar ecurin\u00eb pozitive [&hellip;]<\/p>\n","protected":false},"author":0,"featured_media":0,"comment_status":"open","ping_status":"open","sticky":false,"template":"","format":"standard","meta":{"footnotes":""},"categories":[1],"tags":[],"class_list":["post-81319","post","type-post","status-publish","format-standard","hentry","category-uncategorized"],"_links":{"self":[{"href":"https:\/\/zennihost.com\/test\/wp-json\/wp\/v2\/posts\/81319","targetHints":{"allow":["GET"]}}],"collection":[{"href":"https:\/\/zennihost.com\/test\/wp-json\/wp\/v2\/posts"}],"about":[{"href":"https:\/\/zennihost.com\/test\/wp-json\/wp\/v2\/types\/post"}],"replies":[{"embeddable":true,"href":"https:\/\/zennihost.com\/test\/wp-json\/wp\/v2\/comments?post=81319"}],"version-history":[{"count":0,"href":"https:\/\/zennihost.com\/test\/wp-json\/wp\/v2\/posts\/81319\/revisions"}],"wp:attachment":[{"href":"https:\/\/zennihost.com\/test\/wp-json\/wp\/v2\/media?parent=81319"}],"wp:term":[{"taxonomy":"category","embeddable":true,"href":"https:\/\/zennihost.com\/test\/wp-json\/wp\/v2\/categories?post=81319"},{"taxonomy":"post_tag","embeddable":true,"href":"https:\/\/zennihost.com\/test\/wp-json\/wp\/v2\/tags?post=81319"}],"curies":[{"name":"wp","href":"https:\/\/api.w.org\/{rel}","templated":true}]}}