{"id":81294,"date":"2026-04-11T05:48:22","date_gmt":"2026-04-11T05:48:22","guid":{"rendered":"https:\/\/zennihost.com\/test\/2026\/04\/11\/parashikimi-i-motit-per-sot-11-prill-2026\/"},"modified":"2026-04-11T05:48:22","modified_gmt":"2026-04-11T05:48:22","slug":"parashikimi-i-motit-per-sot-11-prill-2026","status":"publish","type":"post","link":"https:\/\/zennihost.com\/test\/2026\/04\/11\/parashikimi-i-motit-per-sot-11-prill-2026\/","title":{"rendered":"Parashikimi i motit p\u00ebr sot, 11 Prill 2026"},"content":{"rendered":"<p>Dit\u00ebn e shtun\u00eb, vendi yn\u00eb do t\u00eb ndikohet nga kushte atmosferike t\u00eb q\u00ebndrueshme, duke sjell\u00eb nj\u00eb situat\u00eb t\u00eb qet\u00eb meteorologjike n\u00eb pjes\u00ebn m\u00eb t\u00eb madhe t\u00eb territorit.<\/p>\n<p>Sipas parashikimeve, moti do t\u00eb karakterizohet nga kthjellime n\u00eb ult\u00ebsira dhe zona bregdetare, nd\u00ebrsa n\u00eb zonat malore priten vran\u00ebsira t\u00eb pakta deri mesatare, kryesisht gjat\u00eb or\u00ebve t\u00eb mesdit\u00ebs dhe pasdites.<\/p>\n<p>Sa i p\u00ebrket er\u00ebs, ajo do t\u00eb fryj\u00eb me drejtim juglindje \u2013 jugper\u00ebndim, me nj\u00eb shpejt\u00ebsi mesatare rreth 5 m\/s. N\u00eb vij\u00ebn bregdetare, ve\u00e7an\u00ebrisht n\u00eb segmentin jugper\u00ebndimor, si edhe n\u00eb zonat luginore, era pritet t\u00eb forcohet duke arritur shpejt\u00ebsi deri n\u00eb 10 m\/s.<\/p>\n<p>Nd\u00ebrkoh\u00eb, n\u00eb det pritet nj\u00eb situat\u00eb relativisht e qet\u00eb, ku val\u00ebzimi n\u00eb detin Adriatik dhe Jon do t\u00eb jet\u00eb i ul\u00ebt, i forc\u00ebs 1 deri n\u00eb 2 ball\u00eb.<\/p>\n<p>The post <a href=\"https:\/\/gijotina.com\/mot-13\/\">Parashikimi i motit p\u00ebr sot, 11 Prill 2026<\/a> appeared first on <a href=\"https:\/\/gijotina.com\/\">27<\/a>.<\/p>","protected":false},"excerpt":{"rendered":"<p>Dit\u00ebn e shtun\u00eb, vendi yn\u00eb do t\u00eb ndikohet nga kushte atmosferike t\u00eb q\u00ebndrueshme, duke sjell\u00eb nj\u00eb situat\u00eb t\u00eb qet\u00eb meteorologjike n\u00eb pjes\u00ebn m\u00eb t\u00eb madhe t\u00eb territorit. Sipas parashikimeve, moti do t\u00eb karakterizohet nga kthjellime n\u00eb ult\u00ebsira dhe zona bregdetare, nd\u00ebrsa n\u00eb zonat malore priten vran\u00ebsira t\u00eb pakta deri mesatare, kryesisht gjat\u00eb or\u00ebve t\u00eb mesdit\u00ebs [&hellip;]<\/p>\n","protected":false},"author":0,"featured_media":0,"comment_status":"open","ping_status":"open","sticky":false,"template":"","format":"standard","meta":{"footnotes":""},"categories":[1],"tags":[],"class_list":["post-81294","post","type-post","status-publish","format-standard","hentry","category-uncategorized"],"_links":{"self":[{"href":"https:\/\/zennihost.com\/test\/wp-json\/wp\/v2\/posts\/81294","targetHints":{"allow":["GET"]}}],"collection":[{"href":"https:\/\/zennihost.com\/test\/wp-json\/wp\/v2\/posts"}],"about":[{"href":"https:\/\/zennihost.com\/test\/wp-json\/wp\/v2\/types\/post"}],"replies":[{"embeddable":true,"href":"https:\/\/zennihost.com\/test\/wp-json\/wp\/v2\/comments?post=81294"}],"version-history":[{"count":0,"href":"https:\/\/zennihost.com\/test\/wp-json\/wp\/v2\/posts\/81294\/revisions"}],"wp:attachment":[{"href":"https:\/\/zennihost.com\/test\/wp-json\/wp\/v2\/media?parent=81294"}],"wp:term":[{"taxonomy":"category","embeddable":true,"href":"https:\/\/zennihost.com\/test\/wp-json\/wp\/v2\/categories?post=81294"},{"taxonomy":"post_tag","embeddable":true,"href":"https:\/\/zennihost.com\/test\/wp-json\/wp\/v2\/tags?post=81294"}],"curies":[{"name":"wp","href":"https:\/\/api.w.org\/{rel}","templated":true}]}}