{"id":81292,"date":"2026-04-10T19:30:39","date_gmt":"2026-04-10T19:30:39","guid":{"rendered":"https:\/\/zennihost.com\/test\/2026\/04\/10\/kuvendi-i-kosoves-miraton-me-63-vota-pro-projektligjin-per-cmimet-tavan\/"},"modified":"2026-04-10T19:30:39","modified_gmt":"2026-04-10T19:30:39","slug":"kuvendi-i-kosoves-miraton-me-63-vota-pro-projektligjin-per-cmimet-tavan","status":"publish","type":"post","link":"https:\/\/zennihost.com\/test\/2026\/04\/10\/kuvendi-i-kosoves-miraton-me-63-vota-pro-projektligjin-per-cmimet-tavan\/","title":{"rendered":"Kuvendi i Kosov\u00ebs miraton me 63 vota pro projektligjin p\u00ebr \u00e7mimet tavan"},"content":{"rendered":"<p>Kuvendi i Kosov\u00ebs ka miratuar n\u00eb lexim t\u00eb par\u00eb Projektligjin masat e p\u00ebrkohshme t\u00eb produkteve themelore n\u00eb raste t\u00eb ve\u00e7anta t\u00eb destabilizimit n\u00eb treg, mes kund\u00ebrshtimeve nga partit\u00eb opozitare.<\/p>\n<p>P\u00ebr projektligjin votuan 63 deputet\u00eb, 19 ishin kund\u00ebr dhe nuk kishte asnj\u00eb abstenim.<\/p>\n<p>L\u00ebvizja Vet\u00ebvendosje n\u00eb pushtet propozoi q\u00eb m\u00eb 23 prill t\u00eb b\u00ebhet shqyrtimi i dyt\u00eb i projektligjit. Mocioni i propozuar nga LVV-ja kaloi me shumic\u00eb votash.<\/p>\n<p>N\u00eb k\u00ebt\u00eb seanc\u00eb t\u00eb jasht\u00ebzakonshme, t\u00eb thirrur nga LVV-ja, n\u00eb rend dite, nd\u00ebr t\u00eb tjera, \u00ebsht\u00eb edhe Projektligji p\u00ebr sigurimet sh\u00ebndet\u00ebsore.<\/p>\n<p>Ministri i Financave, Hekuran Murati, q\u00eb e prezantoi legjislacionin n\u00eb em\u00ebr t\u00eb ministres s\u00eb Tregtis\u00eb, Mimoza Kusari-Lila, tha se me Projektligjin p\u00ebr \u00e7mimet tavan \u00ebsht\u00eb p\u00ebrgjigje e shtetit ndaj nevoj\u00ebs reale t\u00eb qytetar\u00ebve t\u00eb Kosov\u00ebs q\u00eb shteti t\u00eb \u201cmos mbetet spektator\u201d kur \u00e7mimet e produkteve \u201cdalin jasht\u00eb logjik\u00ebs ekonomike dhe r\u00ebndojn\u00eb drejtp\u00ebrdrejt mbi familjet tona\u201d.<\/p>\n<p>\u201cKy projektligj synon t\u00eb vendos\u00eb masa t\u00eb p\u00ebrkohshme dhe proporcionale p\u00ebr produktet themelore n\u00eb raste t\u00eb destabilizimit t\u00eb tregut me fokus t\u00eb qart\u00eb n\u00eb mbrojtjen e konsumatorit dhe interesit publik. Kemi t\u00eb b\u00ebjm\u00eb me nj\u00eb instrument t\u00eb jasht\u00ebzakonsh\u00ebm p\u00ebr situata t\u00eb jasht\u00ebzakonshme, jo me nj\u00eb mekaniz\u00ebm t\u00eb p\u00ebrhersh\u00ebm t\u00eb nd\u00ebrhyrjes n\u00eb ekonomi\u201d, tha ministri Murati.<\/p>\n<p>Ai argumentoi se ky projektligj nuk \u00ebsht\u00eb kund\u00ebr biznesit dhe tregut t\u00eb lir\u00eb, por sipas tij \u00ebsht\u00eb ligj p\u00ebr rregull dhe p\u00ebrgjegj\u00ebsi.<\/p>\n<p>\u201c\u00cbsht\u00eb ligj q\u00eb ndan kufirin me fitimit t\u00eb ligjsh\u00ebm dhe kufirin mes abuzimit n\u00eb rrethana t\u00eb kriz\u00ebs. \u00cbsht\u00eb ligj q\u00eb siguron qytetarin se shteti nuk do ta l\u00ebr\u00eb vet\u00ebm p\u00ebrball\u00eb goditjet e papritura n\u00eb \u00e7mimet e buk\u00ebs, miellit, qum\u00ebshtit, vajit e mallrave t\u00eb tjera bazike t\u00eb jet\u00ebs s\u00eb p\u00ebrditshme\u201d, theksoi ai.<\/p>\n<p>Murati tha se karakteristik\u00eb e legjislacionit \u00ebsht\u00eb q\u00eb ai ngushtohet vet\u00ebm n\u00eb disa masa t\u00eb p\u00ebrkohshme, dhe parasheh caktimin e marzh\u00ebs tregtare p\u00ebr shitje me shumic\u00eb dhe pakic\u00eb si dhe caktimin e \u00e7mimit maksimal t\u00eb lejuar.<\/p>\n<p>\u201cKy \u00ebsht\u00eb nj\u00eb mesazh i qart\u00eb, shteti nuk po k\u00ebrkon pushtet mbi tregun, por mandat t\u00eb qart\u00eb dhe t\u00eb kufizuar p\u00ebr t\u00eb vepruar vet\u00ebm kur \u00ebsht\u00eb e nevojshme\u201d.<\/p>\n<p>Karakteristika e dyt\u00eb, sipas Muratit, \u00ebsht\u00eb mekanizmi i ri rregullator, pra themelimi i nj\u00eb bordi t\u00eb pavarur p\u00ebr masat e p\u00ebrkohshme p\u00ebr rregullimit e \u00e7mimit.<\/p>\n<p>Sipas tij, ky bord pes\u00eban\u00ebtar\u00ebsh do t\u00eb jet\u00eb organ i pavarur, i krijuar nga Kuvendi dhe q\u00eb i raporton po k\u00ebtij institucioni.<\/p>\n<p>Murati tha se lista e produkteve baz\u00eb parashihet n\u00eb projektligj, nd\u00ebrkaq ai i n\u00ebnprodukteve mund t\u00eb specifikohet me akte n\u00ebnligjore.<\/p>\n<p>Projektligji u kritikua nga partit\u00eb opozitare, Partia Demokratike e Kosov\u00ebs, Lidhja Demokratike e Kosov\u00ebs dhe Aleanca p\u00ebr Ardhm\u00ebrin\u00eb e Kosov\u00ebs.<\/p>\n<p>Arben Mustafa nga PDK tha se Qeveria duhet t\u2019u tregoj\u00eb qytetar\u00ebve se a pritet r\u00ebnia e \u00e7mimeve pas miratimit t\u00eb ligjit.<\/p>\n<p>\u201cNe besojm\u00eb se ju e keni p\u00ebrdorur k\u00ebt\u00eb ligj p\u00ebr t\u00eb fshehur mosveprimin p\u00ebr pengimin e inflacionit\u201d, tha ai.<\/p>\n<p>Mustafa kritikoi bordin, q\u00eb tha se nuk \u00ebsht\u00eb i pavarur.<\/p>\n<p>\u201cIa keni l\u00ebn\u00eb nj\u00eb bordi prej pes\u00eb personash t\u00eb vler\u00ebsoj\u00eb se \u00e7far\u00eb paraqet rritje t\u00eb paarsyeshme t\u00eb \u00e7mimit. Me k\u00ebt\u00eb nuk do t\u00eb mbroni qytetar\u00ebt, aq sa i keni mbrojtur me \u00e7mimet e naft\u00ebs\u201d, tha ai.<\/p>\n<p>Deputetja e LDK-s\u00eb, Janina Ymeri, argumentoi se bordi nuk do t\u00eb jet\u00eb i pavarur, duke e akuzuar Qeverin\u00eb se po synon t\u00eb kontrolloj\u00eb tregun.<\/p>\n<p>Sipas saj, Kosova \u201cnuk \u00ebsht\u00eb vend enverist q\u00eb t\u00eb ket\u00eb \u00e7mime apo nd\u00ebrhyrje n\u00eb tregun e lir\u00eb\u201d.<\/p>\n<p>Nd\u00ebrkaq, shefi i grupit parlamentar t\u00eb AAK-s\u00eb, Besnik Tahiri, tha se me k\u00ebt\u00eb projektligj, Qeveria u imponohet operator\u00ebve ekonomik\u00eb.<\/p>\n<p>Ai tha se Bordi do t\u00eb p\u00ebrb\u00ebhet nga dy njer\u00ebz nga Ministria e Tregtis\u00eb dhe Industris\u00eb dhe tre t\u00eb tjer\u00eb i zgjedh\u00eb Qeveria, duke argumentuar se ky trup nuk do t\u00eb jet\u00eb i pavarur.<\/p>\n<p>\u201cTre njer\u00ebz tjer\u00eb jan\u00eb t\u00eb p\u00ebrzgjedhur prej Qeveris\u00eb. Pra, dy njer\u00ebz i \u00e7on MINT, tre i p\u00ebrzgjedh qeveria, t\u00eb pestit vijn\u00eb k\u00ebtu p\u00ebr t\u2019u votuar dhe ju i keni 61 vota\u201d, tha ai.<\/p>\n<p>Sipas Tahirit, ky bord \u00ebsht\u00eb \u201cstruktur\u00eb paralele e dikastereve\u201d brenda MINT-it.<\/p>\n<p>Ligji p\u00ebr \u00e7mimet tavan ishte shpallur i pavlefsh\u00ebm nga Gjykata Kushtetuese n\u00eb vitin 2023, kur gjykata kishte theksuar se ai nuk ishte n\u00eb p\u00ebrputhje me Kushtetut\u00ebn e vendit.<\/p>\n<p>Gjat\u00eb mbledhjes s\u00eb Qeveris\u00eb m\u00eb 3 prill, ministrja e Industris\u00eb, Nd\u00ebrmarr\u00ebsis\u00eb, Tregtis\u00eb dhe Inovacionit, Mimoza Kusari \u2013 Lila, tha gjat\u00eb paraqitjes s\u00eb projektligjit tha se n\u00eb hartimin e tij e ka marr\u00eb parasysh rekomandimet e Kushtetueses.<\/p>\n<p>Ligji i kaluar, tashm\u00eb i shpallur i pavlefsh\u00ebm, i cil\u00ebsonte produkte themelore: drith\u00ebrat, buk\u00ebn, miellin, orizin, pastat, vajin ushqimor t\u00eb lulediellit, qum\u00ebshtin, krip\u00ebn e kuzhin\u00ebs, vez\u00ebt e pul\u00ebs, mishin e pul\u00ebs, sheqerin kristalor, produktet e higjien\u00ebs personale dhe l\u00ebnd\u00ebt e drurit p\u00ebr djegie.\/REL<\/p>\n<p>The post <a href=\"https:\/\/lapsi.al\/2026\/04\/10\/kuvendi-i-kosoves-miraton-me-63-vota-pro-projektligjin-per-cmimet-tavan\/\">Kuvendi i Kosov\u00ebs miraton me 63 vota pro projektligjin p\u00ebr \u00e7mimet tavan<\/a> appeared first on <a href=\"https:\/\/lapsi.al\/\">Lapsi.al<\/a>.<\/p>","protected":false},"excerpt":{"rendered":"<p>Kuvendi i Kosov\u00ebs ka miratuar n\u00eb lexim t\u00eb par\u00eb Projektligjin masat e p\u00ebrkohshme t\u00eb produkteve themelore n\u00eb raste t\u00eb ve\u00e7anta t\u00eb destabilizimit n\u00eb treg, mes kund\u00ebrshtimeve nga partit\u00eb opozitare. P\u00ebr projektligjin votuan 63 deputet\u00eb, 19 ishin kund\u00ebr dhe nuk kishte asnj\u00eb abstenim. L\u00ebvizja Vet\u00ebvendosje n\u00eb pushtet propozoi q\u00eb m\u00eb 23 prill t\u00eb b\u00ebhet shqyrtimi i [&hellip;]<\/p>\n","protected":false},"author":0,"featured_media":0,"comment_status":"open","ping_status":"open","sticky":false,"template":"","format":"standard","meta":{"footnotes":""},"categories":[1],"tags":[],"class_list":["post-81292","post","type-post","status-publish","format-standard","hentry","category-uncategorized"],"_links":{"self":[{"href":"https:\/\/zennihost.com\/test\/wp-json\/wp\/v2\/posts\/81292","targetHints":{"allow":["GET"]}}],"collection":[{"href":"https:\/\/zennihost.com\/test\/wp-json\/wp\/v2\/posts"}],"about":[{"href":"https:\/\/zennihost.com\/test\/wp-json\/wp\/v2\/types\/post"}],"replies":[{"embeddable":true,"href":"https:\/\/zennihost.com\/test\/wp-json\/wp\/v2\/comments?post=81292"}],"version-history":[{"count":0,"href":"https:\/\/zennihost.com\/test\/wp-json\/wp\/v2\/posts\/81292\/revisions"}],"wp:attachment":[{"href":"https:\/\/zennihost.com\/test\/wp-json\/wp\/v2\/media?parent=81292"}],"wp:term":[{"taxonomy":"category","embeddable":true,"href":"https:\/\/zennihost.com\/test\/wp-json\/wp\/v2\/categories?post=81292"},{"taxonomy":"post_tag","embeddable":true,"href":"https:\/\/zennihost.com\/test\/wp-json\/wp\/v2\/tags?post=81292"}],"curies":[{"name":"wp","href":"https:\/\/api.w.org\/{rel}","templated":true}]}}