{"id":81291,"date":"2026-04-10T19:00:49","date_gmt":"2026-04-10T19:00:49","guid":{"rendered":"https:\/\/zennihost.com\/test\/2026\/04\/10\/flake-ne-malin-e-koshnices-ne-gramsh\/"},"modified":"2026-04-10T19:00:49","modified_gmt":"2026-04-10T19:00:49","slug":"flake-ne-malin-e-koshnices-ne-gramsh","status":"publish","type":"post","link":"https:\/\/zennihost.com\/test\/2026\/04\/10\/flake-ne-malin-e-koshnices-ne-gramsh\/","title":{"rendered":"Flak\u00eb n\u00eb malin e Koshnic\u00ebs n\u00eb Gramsh"},"content":{"rendered":"<p>Nj\u00eb vat\u00ebr e fuqishme zjarri \u00ebsht\u00eb identifikuar n\u00eb or\u00ebt e vona t\u00eb k\u00ebsaj t\u00eb premteje n\u00eb malin e Koshnic\u00ebs, n\u00eb Nj\u00ebsin\u00eb Administrative Sk\u00ebnderbegas, pjes\u00eb e Bashkis\u00eb s\u00eb Gramshit.<\/p>\n<p>Sipas informacioneve paraprake, zjarri \u00ebsht\u00eb p\u00ebrhapur n\u00eb nj\u00eb zon\u00eb t\u00eb thell\u00eb malore, duke e b\u00ebr\u00eb t\u00eb pamundur nd\u00ebrhyrjen e mjeteve zjarrfik\u00ebse p\u00ebr shkak t\u00eb terrenit tep\u00ebr t\u00eb v\u00ebshtir\u00eb dhe munges\u00ebs s\u00eb aksesit rrugor.<\/p>\n<p>Fatmir\u00ebsisht, deri n\u00eb k\u00ebto momente, vatra e zjarrit ndodhet larg zonave t\u00eb banuara dhe nuk paraqet rrezik t\u00eb drejtp\u00ebrdrejt\u00eb p\u00ebr banor\u00ebt. Megjithat\u00eb, autoritetet po ndjekin nga af\u00ebr situat\u00ebn p\u00ebr t\u00eb parandaluar p\u00ebrhapjen e flak\u00ebve n\u00eb sip\u00ebrfaqe m\u00eb t\u00eb gjera.<\/p>\n<p>Burime zyrtare b\u00ebjn\u00eb me dije se dyshohet q\u00eb zjarri t\u00eb ket\u00eb qen\u00eb aksidental, nd\u00ebrsa pritet nj\u00eb vler\u00ebsim m\u00eb i plot\u00eb i situat\u00ebs nga strukturat p\u00ebrkat\u00ebse n\u00eb vijim.<\/p>\n<p>Nd\u00ebrkoh\u00eb, nuk p\u00ebrjashtohet mund\u00ebsia e nd\u00ebrhyrjes nga ajri n\u00ebse situata p\u00ebrkeq\u00ebsohet, p\u00ebr shkak t\u00eb pamund\u00ebsis\u00eb s\u00eb nd\u00ebrhyrjes nga toka.<\/p>\n<p>The post <a href=\"https:\/\/lapsi.al\/2026\/04\/10\/flake-ne-malin-e-koshnices-ne-gramsh\/\">Flak\u00eb n\u00eb malin e Koshnic\u00ebs n\u00eb Gramsh<\/a> appeared first on <a href=\"https:\/\/lapsi.al\/\">Lapsi.al<\/a>.<\/p>","protected":false},"excerpt":{"rendered":"<p>Nj\u00eb vat\u00ebr e fuqishme zjarri \u00ebsht\u00eb identifikuar n\u00eb or\u00ebt e vona t\u00eb k\u00ebsaj t\u00eb premteje n\u00eb malin e Koshnic\u00ebs, n\u00eb Nj\u00ebsin\u00eb Administrative Sk\u00ebnderbegas, pjes\u00eb e Bashkis\u00eb s\u00eb Gramshit. Sipas informacioneve paraprake, zjarri \u00ebsht\u00eb p\u00ebrhapur n\u00eb nj\u00eb zon\u00eb t\u00eb thell\u00eb malore, duke e b\u00ebr\u00eb t\u00eb pamundur nd\u00ebrhyrjen e mjeteve zjarrfik\u00ebse p\u00ebr shkak t\u00eb terrenit tep\u00ebr t\u00eb [&hellip;]<\/p>\n","protected":false},"author":0,"featured_media":0,"comment_status":"open","ping_status":"open","sticky":false,"template":"","format":"standard","meta":{"footnotes":""},"categories":[1],"tags":[],"class_list":["post-81291","post","type-post","status-publish","format-standard","hentry","category-uncategorized"],"_links":{"self":[{"href":"https:\/\/zennihost.com\/test\/wp-json\/wp\/v2\/posts\/81291","targetHints":{"allow":["GET"]}}],"collection":[{"href":"https:\/\/zennihost.com\/test\/wp-json\/wp\/v2\/posts"}],"about":[{"href":"https:\/\/zennihost.com\/test\/wp-json\/wp\/v2\/types\/post"}],"replies":[{"embeddable":true,"href":"https:\/\/zennihost.com\/test\/wp-json\/wp\/v2\/comments?post=81291"}],"version-history":[{"count":0,"href":"https:\/\/zennihost.com\/test\/wp-json\/wp\/v2\/posts\/81291\/revisions"}],"wp:attachment":[{"href":"https:\/\/zennihost.com\/test\/wp-json\/wp\/v2\/media?parent=81291"}],"wp:term":[{"taxonomy":"category","embeddable":true,"href":"https:\/\/zennihost.com\/test\/wp-json\/wp\/v2\/categories?post=81291"},{"taxonomy":"post_tag","embeddable":true,"href":"https:\/\/zennihost.com\/test\/wp-json\/wp\/v2\/tags?post=81291"}],"curies":[{"name":"wp","href":"https:\/\/api.w.org\/{rel}","templated":true}]}}