{"id":81288,"date":"2026-04-10T21:42:01","date_gmt":"2026-04-10T21:42:01","guid":{"rendered":"https:\/\/zennihost.com\/test\/2026\/04\/10\/kamala-harris-mund-te-kandidoj-perseri-per-presidente-ne-vitin-2028\/"},"modified":"2026-04-10T21:42:01","modified_gmt":"2026-04-10T21:42:01","slug":"kamala-harris-mund-te-kandidoj-perseri-per-presidente-ne-vitin-2028","status":"publish","type":"post","link":"https:\/\/zennihost.com\/test\/2026\/04\/10\/kamala-harris-mund-te-kandidoj-perseri-per-presidente-ne-vitin-2028\/","title":{"rendered":"Kamala Harris: Mund t\u00eb kandidoj p\u00ebrs\u00ebri p\u00ebr presidente n\u00eb vitin 2028"},"content":{"rendered":"<p>Ish-n\u00ebnpresidentja amerikane Kamala Harris tha t\u00eb premten se po shqyrtonte mund\u00ebsin\u00eb e kandidimit p\u00ebrs\u00ebri p\u00ebr presidente n\u00eb vitin 2028.<\/p>\n<p>Harris, e cila u paraqit n\u00eb nj\u00eb takim t\u00eb Rrjetit Komb\u00ebtar t\u00eb Veprimit, nj\u00eb organizat\u00eb p\u00ebr t\u00eb drejtat civile e themeluar nga Reverendi Al Sharpton, u pyet drejtp\u00ebrdrejt nga Sharpton n\u00ebse do t\u00eb kandidonte p\u00ebrs\u00ebri.<\/p>\n<p>\u201cNdoshta, ndoshta. Po mendoj p\u00ebr k\u00ebt\u00eb, po mendoj p\u00ebr k\u00ebt\u00eb\u201d, tha Harris, nd\u00ebrsa turma n\u00eb eventin e New York City brohoriste.<\/p>\n<p>Harris shtoi se do t\u00eb merrte n\u00eb konsiderat\u00eb nj\u00eb kandidim n\u00eb kontekstin e asaj se kush mund t\u00eb b\u00ebnte pun\u00ebn m\u00eb t\u00eb mir\u00eb si president p\u00ebr popullin amerikan.<\/p>\n<p>Harris, e cila sh\u00ebrbeu si z\u00ebvend\u00ebspresidente n\u00ebn Presidentin Joe Biden, humbi kandidatur\u00ebn e saj presidenciale t\u00eb vitit 2024 ndaj Presidentit Donald Trump, i cili fitoi si vot\u00ebn popullore ashtu edhe at\u00eb t\u00eb Kolegjit Zgjedhor.<\/p>\n<p>Harris m\u00eb par\u00eb ka sh\u00ebrbyer si senatore amerikane dhe si prokurore e p\u00ebrgjithshme e Kalifornis\u00eb, nd\u00ebr t\u00eb tjera. Harris b\u00ebri nj\u00eb kandidim t\u00eb pasuksessh\u00ebm p\u00ebr t\u2019u b\u00ebr\u00eb kandidatja presidenciale e Partis\u00eb Demokratike n\u00eb vitin 2020.<\/p>\n<p>Nj\u00eb kandidim p\u00ebr Harris n\u00eb vitin 2028 mund t\u00eb p\u00ebrballet me sfida midis votuesve t\u00eb cil\u00ebt kan\u00eb treguar n\u00eb sondazhe se duan t\u00eb shohin udh\u00ebheq\u00ebs t\u00eb rinj p\u00ebr Partin\u00eb Demokratike pas humbjes s\u00eb Harris ndaj Trump.<\/p>\n<p>The post <a href=\"https:\/\/lapsi.al\/2026\/04\/10\/kamala-harris-mund-te-kandidoj-perseri-per-presidente-ne-vitin-2028\/\">Kamala Harris: Mund t\u00eb kandidoj p\u00ebrs\u00ebri p\u00ebr presidente n\u00eb vitin 2028<\/a> appeared first on <a href=\"https:\/\/lapsi.al\/\">Lapsi.al<\/a>.<\/p>","protected":false},"excerpt":{"rendered":"<p>Ish-n\u00ebnpresidentja amerikane Kamala Harris tha t\u00eb premten se po shqyrtonte mund\u00ebsin\u00eb e kandidimit p\u00ebrs\u00ebri p\u00ebr presidente n\u00eb vitin 2028. Harris, e cila u paraqit n\u00eb nj\u00eb takim t\u00eb Rrjetit Komb\u00ebtar t\u00eb Veprimit, nj\u00eb organizat\u00eb p\u00ebr t\u00eb drejtat civile e themeluar nga Reverendi Al Sharpton, u pyet drejtp\u00ebrdrejt nga Sharpton n\u00ebse do t\u00eb kandidonte p\u00ebrs\u00ebri. \u201cNdoshta, [&hellip;]<\/p>\n","protected":false},"author":0,"featured_media":0,"comment_status":"open","ping_status":"open","sticky":false,"template":"","format":"standard","meta":{"footnotes":""},"categories":[1],"tags":[],"class_list":["post-81288","post","type-post","status-publish","format-standard","hentry","category-uncategorized"],"_links":{"self":[{"href":"https:\/\/zennihost.com\/test\/wp-json\/wp\/v2\/posts\/81288","targetHints":{"allow":["GET"]}}],"collection":[{"href":"https:\/\/zennihost.com\/test\/wp-json\/wp\/v2\/posts"}],"about":[{"href":"https:\/\/zennihost.com\/test\/wp-json\/wp\/v2\/types\/post"}],"replies":[{"embeddable":true,"href":"https:\/\/zennihost.com\/test\/wp-json\/wp\/v2\/comments?post=81288"}],"version-history":[{"count":0,"href":"https:\/\/zennihost.com\/test\/wp-json\/wp\/v2\/posts\/81288\/revisions"}],"wp:attachment":[{"href":"https:\/\/zennihost.com\/test\/wp-json\/wp\/v2\/media?parent=81288"}],"wp:term":[{"taxonomy":"category","embeddable":true,"href":"https:\/\/zennihost.com\/test\/wp-json\/wp\/v2\/categories?post=81288"},{"taxonomy":"post_tag","embeddable":true,"href":"https:\/\/zennihost.com\/test\/wp-json\/wp\/v2\/tags?post=81288"}],"curies":[{"name":"wp","href":"https:\/\/api.w.org\/{rel}","templated":true}]}}