{"id":81286,"date":"2026-04-10T21:48:45","date_gmt":"2026-04-10T21:48:45","guid":{"rendered":"https:\/\/zennihost.com\/test\/2026\/04\/10\/bllokohen-ne-qafen-e-valbones-shpetohen-ne-kohe-dy-turistet-belge-2\/"},"modified":"2026-04-10T21:48:45","modified_gmt":"2026-04-10T21:48:45","slug":"bllokohen-ne-qafen-e-valbones-shpetohen-ne-kohe-dy-turistet-belge-2","status":"publish","type":"post","link":"https:\/\/zennihost.com\/test\/2026\/04\/10\/bllokohen-ne-qafen-e-valbones-shpetohen-ne-kohe-dy-turistet-belge-2\/","title":{"rendered":"Bllokohen n\u00eb Qaf\u00ebn e Valbon\u00ebs, shp\u00ebtohen n\u00eb koh\u00eb dy turist\u00ebt belg\u00eb"},"content":{"rendered":"<p>Dy turist\u00eb nga Belgjika kishin mbetur t\u00eb bllokuar n\u00eb nj\u00eb terren t\u00eb thepisur dhe me d\u00ebbor\u00eb n\u00eb zon\u00ebn e Qaf\u00ebs s\u00eb Valbon\u00ebs.<\/p>\n<div class=\"ai-viewport-2 ai-viewport-3\">\n<div class=\"code-block code-block-10\">Sipas njoftimit, rreth or\u00ebs 14:00 \u00ebsht\u00eb marr\u00eb sinjalizimi se turist\u00ebt, t\u00eb cil\u00ebt po eksploronin Alpet e Valbon\u00ebs, nuk mund t\u00eb vijonin l\u00ebvizjen p\u00ebr shkak t\u00eb kushteve t\u00eb v\u00ebshtira t\u00eb terrenit. Menj\u00ebher\u00eb pas k\u00ebsaj, sh\u00ebrbimet e Komisariatit t\u00eb Policis\u00eb Tropoj\u00eb, n\u00eb bashk\u00ebpunim me ekipin e k\u00ebrkim-shp\u00ebtimit t\u00eb Valbon\u00ebs, nis\u00ebn operacionin p\u00ebr gjetjen e tyre.<\/div>\n<\/div>\n<p>Pas disa or\u00ebsh k\u00ebrkime n\u00eb k\u00ebmb\u00eb, forcat e Policis\u00eb dhe ekipi i shp\u00ebtimit arrit\u00ebn t\u00eb lokalizojn\u00eb turist\u00ebt n\u00eb zon\u00ebn e Qaf\u00ebs s\u00eb Valbon\u00ebs dhe t\u2019u ofrojn\u00eb ndihm\u00ebn e nevojshme.<\/p>\n<div class=\"ai-viewport-2 ai-viewport-3\">\n<div class=\"code-block code-block-11\">Dy shtetasit belg\u00eb jan\u00eb n\u00eb gjendje t\u00eb mir\u00eb sh\u00ebndet\u00ebsore dhe jan\u00eb akomoduar n\u00eb nj\u00eb bujtin\u00eb n\u00eb Valbon\u00eb, nd\u00ebrsa kan\u00eb fal\u00ebnderuar autoritetet p\u00ebr reagimin e shpejt\u00eb dhe profesional.<\/div>\n<div><strong>gijotina.com\/<\/strong><\/div>\n<\/div>\n<p>The post <a href=\"https:\/\/gijotina.com\/nderhyrja\/\">Bllokohen n\u00eb Qaf\u00ebn e Valbon\u00ebs, shp\u00ebtohen n\u00eb koh\u00eb dy turist\u00ebt belg\u00eb<\/a> appeared first on <a href=\"https:\/\/gijotina.com\/\">GIJOTINA<\/a>.<\/p>","protected":false},"excerpt":{"rendered":"<p>Dy turist\u00eb nga Belgjika kishin mbetur t\u00eb bllokuar n\u00eb nj\u00eb terren t\u00eb thepisur dhe me d\u00ebbor\u00eb n\u00eb zon\u00ebn e Qaf\u00ebs s\u00eb Valbon\u00ebs. Sipas njoftimit, rreth or\u00ebs 14:00 \u00ebsht\u00eb marr\u00eb sinjalizimi se turist\u00ebt, t\u00eb cil\u00ebt po eksploronin Alpet e Valbon\u00ebs, nuk mund t\u00eb vijonin l\u00ebvizjen p\u00ebr shkak t\u00eb kushteve t\u00eb v\u00ebshtira t\u00eb terrenit. Menj\u00ebher\u00eb pas k\u00ebsaj, [&hellip;]<\/p>\n","protected":false},"author":0,"featured_media":0,"comment_status":"open","ping_status":"open","sticky":false,"template":"","format":"standard","meta":{"footnotes":""},"categories":[1],"tags":[],"class_list":["post-81286","post","type-post","status-publish","format-standard","hentry","category-uncategorized"],"_links":{"self":[{"href":"https:\/\/zennihost.com\/test\/wp-json\/wp\/v2\/posts\/81286","targetHints":{"allow":["GET"]}}],"collection":[{"href":"https:\/\/zennihost.com\/test\/wp-json\/wp\/v2\/posts"}],"about":[{"href":"https:\/\/zennihost.com\/test\/wp-json\/wp\/v2\/types\/post"}],"replies":[{"embeddable":true,"href":"https:\/\/zennihost.com\/test\/wp-json\/wp\/v2\/comments?post=81286"}],"version-history":[{"count":0,"href":"https:\/\/zennihost.com\/test\/wp-json\/wp\/v2\/posts\/81286\/revisions"}],"wp:attachment":[{"href":"https:\/\/zennihost.com\/test\/wp-json\/wp\/v2\/media?parent=81286"}],"wp:term":[{"taxonomy":"category","embeddable":true,"href":"https:\/\/zennihost.com\/test\/wp-json\/wp\/v2\/categories?post=81286"},{"taxonomy":"post_tag","embeddable":true,"href":"https:\/\/zennihost.com\/test\/wp-json\/wp\/v2\/tags?post=81286"}],"curies":[{"name":"wp","href":"https:\/\/api.w.org\/{rel}","templated":true}]}}